{"id":4187,"date":"2018-01-09T18:41:36","date_gmt":"2018-01-09T17:41:36","guid":{"rendered":"http:\/\/bisbalpenedes.com\/web\/?p=4187"},"modified":"2018-01-09T18:41:36","modified_gmt":"2018-01-09T17:41:36","slug":"apuntat-al-club-de-lectura-facil-en-catala","status":"publish","type":"post","link":"https:\/\/bisbalpenedes.com\/web\/2018\/01\/09\/apuntat-al-club-de-lectura-facil-en-catala\/","title":{"rendered":"Apunta&#8217;t al Club de Lectura F\u00e0cil en Catal\u00e0!"},"content":{"rendered":"<p><a href=\"http:\/\/bisbalpenedes.com\/web\/wp-content\/uploads\/2018\/01\/CLUB_LECT_FACIL_2018c.jpg\"><img loading=\"lazy\" class=\"aligncenter size-medium wp-image-4188\" src=\"http:\/\/bisbalpenedes.com\/web\/wp-content\/uploads\/2018\/01\/CLUB_LECT_FACIL_2018c-213x300.jpg\" alt=\"CLUB_LECTura_FACIL_2018c\" width=\"213\" height=\"300\" srcset=\"https:\/\/bisbalpenedes.com\/web\/wp-content\/uploads\/2018\/01\/CLUB_LECT_FACIL_2018c-213x300.jpg 213w, https:\/\/bisbalpenedes.com\/web\/wp-content\/uploads\/2018\/01\/CLUB_LECT_FACIL_2018c-600x846.jpg 600w, https:\/\/bisbalpenedes.com\/web\/wp-content\/uploads\/2018\/01\/CLUB_LECT_FACIL_2018c-768x1083.jpg 768w, https:\/\/bisbalpenedes.com\/web\/wp-content\/uploads\/2018\/01\/CLUB_LECT_FACIL_2018c-726x1024.jpg 726w, https:\/\/bisbalpenedes.com\/web\/wp-content\/uploads\/2018\/01\/CLUB_LECT_FACIL_2018c.jpg 945w\" sizes=\"(max-width: 213px) 100vw, 213px\" \/><\/a><\/p>\n<p>La Biblioteca P\u00fablica de la Bisbal ofereix el Club de Lectura F\u00e0cil en Catal\u00e0 a trav\u00e9s del Consorci per a la Normalitzaci\u00f3 Ling\u00fc\u00edstica i la Regidoria de Cultura. Es tracta d&#8217;un Club adre\u00e7at a aquelles persones que no estan acostumades a llegir llibres en catal\u00e0 i que, a m\u00e9s, volen millorar la comprensi\u00f3 lectora i la flu\u00efdesa a l&#8217;hora de parlar.<\/p>\n<p>Al Club, es llegiran petits llibres en catal\u00e0 i es faran trobades mensuals per parlar-ne. Aquestes trobades tindran lloc el darrer dimecres de cada mes, de les 10 a les 11.30h, a la mateixa Biblioteca.<\/p>\n<p>Per a m\u00e9s informaci\u00f3 i inscripcions us podeu adre\u00e7ar a la Biblioteca P\u00fablica, ubicada al CMC, les tardes de dilluns a divendres (16.30h a 20.30h) i els dimecres al mat\u00ed (10 a 13h). L&#8217;activitat \u00e9s gratu\u00efta.<\/p>\n<p>&nbsp;<\/p>\n","protected":false},"excerpt":{"rendered":"<p>La Biblioteca P\u00fablica de la Bisbal ofereix el Club de Lectura F\u00e0cil en Catal\u00e0 a trav\u00e9s del Consorci per a la Normalitzaci\u00f3 Ling\u00fc\u00edstica i la Regidoria de Cultura. Es tracta &hellip; <a href=\"https:\/\/bisbalpenedes.com\/web\/2018\/01\/09\/apuntat-al-club-de-lectura-facil-en-catala\/\" class=\"more-link\">Read More<\/a><\/p>\n","protected":false},"author":4,"featured_media":4188,"comment_status":"closed","ping_status":"closed","sticky":false,"template":"","format":"standard","meta":[],"categories":[13],"tags":[180,118,412,1132,414],"_links":{"self":[{"href":"https:\/\/bisbalpenedes.com\/web\/wp-json\/wp\/v2\/posts\/4187"}],"collection":[{"href":"https:\/\/bisbalpenedes.com\/web\/wp-json\/wp\/v2\/posts"}],"about":[{"href":"https:\/\/bisbalpenedes.com\/web\/wp-json\/wp\/v2\/types\/post"}],"author":[{"embeddable":true,"href":"https:\/\/bisbalpenedes.com\/web\/wp-json\/wp\/v2\/users\/4"}],"replies":[{"embeddable":true,"href":"https:\/\/bisbalpenedes.com\/web\/wp-json\/wp\/v2\/comments?post=4187"}],"version-history":[{"count":1,"href":"https:\/\/bisbalpenedes.com\/web\/wp-json\/wp\/v2\/posts\/4187\/revisions"}],"predecessor-version":[{"id":4189,"href":"https:\/\/bisbalpenedes.com\/web\/wp-json\/wp\/v2\/posts\/4187\/revisions\/4189"}],"wp:featuredmedia":[{"embeddable":true,"href":"https:\/\/bisbalpenedes.com\/web\/wp-json\/wp\/v2\/media\/4188"}],"wp:attachment":[{"href":"https:\/\/bisbalpenedes.com\/web\/wp-json\/wp\/v2\/media?parent=4187"}],"wp:term":[{"taxonomy":"category","embeddable":true,"href":"https:\/\/bisbalpenedes.com\/web\/wp-json\/wp\/v2\/categories?post=4187"},{"taxonomy":"post_tag","embeddable":true,"href":"https:\/\/bisbalpenedes.com\/web\/wp-json\/wp\/v2\/tags?post=4187"}],"curies":[{"name":"wp","href":"https:\/\/api.w.org\/{rel}","templated":true}]}}