{"id":4173,"date":"2018-01-08T17:04:04","date_gmt":"2018-01-08T16:04:04","guid":{"rendered":"http:\/\/bisbalpenedes.com\/web\/?p=4173"},"modified":"2018-01-09T17:04:32","modified_gmt":"2018-01-09T16:04:32","slug":"bases-de-la-convocatoria-dun-proces-selectiu-mitjancant-concurs-oposicio-lliure-per-a-la-cobertura-duna-1-placa-de-tecnic-superior-de-joventut-i-docupacio-en-regim-laboral-temporal","status":"publish","type":"post","link":"https:\/\/bisbalpenedes.com\/web\/2018\/01\/08\/bases-de-la-convocatoria-dun-proces-selectiu-mitjancant-concurs-oposicio-lliure-per-a-la-cobertura-duna-1-placa-de-tecnic-superior-de-joventut-i-docupacio-en-regim-laboral-temporal\/","title":{"rendered":"Bases de la convocat\u00f2ria d&#8217;un proc\u00e9s selectiu , mitjan\u00e7ant concurs-oposici\u00f3 lliure, per a la cobertura d&#8217;una (1) pla\u00e7a de T\u00e8cnic superior de joventut i d&#8217;ocupaci\u00f3 en r\u00e8gim laboral temporal"},"content":{"rendered":"<p style=\"text-align: justify;\">Per acord de la Junta de la Govern Local en sessi\u00f3 ordin\u00e0ria celebrat el dia 07-12-2017 es va aprovar, entre altres, les<strong> bases de la convocat\u00f2ria d&#8217;un proc\u00e9s selectiu , mitjan\u00e7ant concurs-oposici\u00f3 lliure, per a la cobertura d&#8217;una (1) pla\u00e7a de T\u00e8cnic superior de joventut i d&#8217;ocupaci\u00f3 en r\u00e8gim laboral temporal (interni-na)<\/strong> vacant a la plantilla del personal de l&#8217;Ajuntament de la Bisbal del Pened\u00e8s.<\/p>\n<p style=\"text-align: justify;\">Podeu consultar les bases al seg\u00fcent enlla\u00e7:\u00a0<a href=\"https:\/\/www.diputaciodetarragona.cat\/ebop\/index.php?op=anunci&amp;id=11841&amp;ebop_any=2017\">https:\/\/www.diputaciodetarragona.cat\/ebop\/index.php?op=anunci&amp;id=11841&amp;ebop_any=2017<\/a><\/p>\n<p style=\"text-align: justify;\">Les sol\u00b7licituds per prendre part en el proc\u00e9s de selecci\u00f3 s&#8217;han de presentar al Registre General d&#8217;aquest Ajuntament, dins el termini improrrogable de 20 dies naturals, a comptar a partir de l&#8217;endem\u00e0 de la publicaci\u00f3 de l&#8217;extracte de la convocat\u00f2ria al <a href=\"http:\/\/portaldogc.gencat.cat\/utilsEADOP\/PDF\/7529\/1651767.pdf\">DOGC<\/a>, que va ser publicat el 5 de gener de 2018.<\/p>\n","protected":false},"excerpt":{"rendered":"<p>Per acord de la Junta de la Govern Local en sessi\u00f3 ordin\u00e0ria celebrat el dia 07-12-2017 es va aprovar, entre altres, les bases de la convocat\u00f2ria d&#8217;un proc\u00e9s selectiu , &hellip; <a href=\"https:\/\/bisbalpenedes.com\/web\/2018\/01\/08\/bases-de-la-convocatoria-dun-proces-selectiu-mitjancant-concurs-oposicio-lliure-per-a-la-cobertura-duna-1-placa-de-tecnic-superior-de-joventut-i-docupacio-en-regim-laboral-temporal\/\" class=\"more-link\">Read More<\/a><\/p>\n","protected":false},"author":4,"featured_media":4174,"comment_status":"closed","ping_status":"closed","sticky":false,"template":"","format":"standard","meta":[],"categories":[4,9],"tags":[1126,407,1125,1127],"_links":{"self":[{"href":"https:\/\/bisbalpenedes.com\/web\/wp-json\/wp\/v2\/posts\/4173"}],"collection":[{"href":"https:\/\/bisbalpenedes.com\/web\/wp-json\/wp\/v2\/posts"}],"about":[{"href":"https:\/\/bisbalpenedes.com\/web\/wp-json\/wp\/v2\/types\/post"}],"author":[{"embeddable":true,"href":"https:\/\/bisbalpenedes.com\/web\/wp-json\/wp\/v2\/users\/4"}],"replies":[{"embeddable":true,"href":"https:\/\/bisbalpenedes.com\/web\/wp-json\/wp\/v2\/comments?post=4173"}],"version-history":[{"count":1,"href":"https:\/\/bisbalpenedes.com\/web\/wp-json\/wp\/v2\/posts\/4173\/revisions"}],"predecessor-version":[{"id":4175,"href":"https:\/\/bisbalpenedes.com\/web\/wp-json\/wp\/v2\/posts\/4173\/revisions\/4175"}],"wp:featuredmedia":[{"embeddable":true,"href":"https:\/\/bisbalpenedes.com\/web\/wp-json\/wp\/v2\/media\/4174"}],"wp:attachment":[{"href":"https:\/\/bisbalpenedes.com\/web\/wp-json\/wp\/v2\/media?parent=4173"}],"wp:term":[{"taxonomy":"category","embeddable":true,"href":"https:\/\/bisbalpenedes.com\/web\/wp-json\/wp\/v2\/categories?post=4173"},{"taxonomy":"post_tag","embeddable":true,"href":"https:\/\/bisbalpenedes.com\/web\/wp-json\/wp\/v2\/tags?post=4173"}],"curies":[{"name":"wp","href":"https:\/\/api.w.org\/{rel}","templated":true}]}}