{"id":4167,"date":"2018-01-09T16:47:19","date_gmt":"2018-01-09T15:47:19","guid":{"rendered":"http:\/\/bisbalpenedes.com\/web\/?p=4167"},"modified":"2018-01-09T16:53:25","modified_gmt":"2018-01-09T15:53:25","slug":"els-alumnes-de-la-llar-dinfants-municipal-sintrodueixen-en-la-llengua-anglesa","status":"publish","type":"post","link":"https:\/\/bisbalpenedes.com\/web\/2018\/01\/09\/els-alumnes-de-la-llar-dinfants-municipal-sintrodueixen-en-la-llengua-anglesa\/","title":{"rendered":"Els alumnes de la Llar d&#8217;Infants Municipal s&#8217;introdueixen en la llengua anglesa"},"content":{"rendered":"<p style=\"margin-top: 0cm;\">Aquest dimarts 9 de gener ha comen\u00e7at l&#8217;ensenyament d&#8217;angl\u00e8s a les dues classes de P2 de la Llar d\u2019infants municipal. Els nadons d\u2019aquest curs realitzaran dues hores a la setmana en llengua anglesa amb la finalitat d&#8217;iniciar-los des de ben petits en l\u2019aprenentatge de l\u2019idioma.<\/p>\n<p style=\"margin-top: 0cm;\">La regidora d\u2019Educaci\u00f3, Maguy Antol\u00edn ha explicat que \u201ccom que l\u2019Escola Municipal d\u2019Idiomes ha estat un \u00e8xit, considero fonamental traslladar aquest aprenentatge ling\u00fc\u00edstic als m\u00e9s petits, tal com va prometre el Consell Escolar anterior\u201d.<\/p>\n<p style=\"margin-top: 0cm;\">Aquestes classes d\u2019angl\u00e8s estan incloses en les quotes mensuals habituals i \u00e9s un servei que s\u2019ha proposat des de la Regidoria d\u2019Educaci\u00f3 per a tots els nens que estan matriculats a la Llar d\u2019infants, de dins o de fora del municipi.<\/p>\n<p style=\"margin-top: 0cm;\"><a href=\"http:\/\/bisbalpenedes.com\/web\/wp-content\/uploads\/2018\/01\/foto-llar-infants.jpg\"><img loading=\"lazy\" class=\"aligncenter size-medium wp-image-4168\" src=\"http:\/\/bisbalpenedes.com\/web\/wp-content\/uploads\/2018\/01\/foto-llar-infants-225x300.jpg\" alt=\"Llar d'infants Maguy\" width=\"225\" height=\"300\" srcset=\"https:\/\/bisbalpenedes.com\/web\/wp-content\/uploads\/2018\/01\/foto-llar-infants-225x300.jpg 225w, https:\/\/bisbalpenedes.com\/web\/wp-content\/uploads\/2018\/01\/foto-llar-infants-600x800.jpg 600w, https:\/\/bisbalpenedes.com\/web\/wp-content\/uploads\/2018\/01\/foto-llar-infants-768x1024.jpg 768w, https:\/\/bisbalpenedes.com\/web\/wp-content\/uploads\/2018\/01\/foto-llar-infants.jpg 1200w\" sizes=\"(max-width: 225px) 100vw, 225px\" \/><\/a><\/p>\n<p style=\"margin-top: 0cm;\">Este martes 9 de enero se ha iniciado la docencia en ingl\u00e9s en las dos clases de P2 de la Guarder\u00eda Municipal. Los beb\u00e9s de este curso realizaran dos horas a la semana de lengua inglesa con la finaldad de iniciarlos desde bien peque\u00f1os en el aprendizaje del idioma.<\/p>\n<p style=\"margin-top: 0cm;\">La concejal de Educaci\u00f3n, Maguy Antol\u00edn ha explicado que &#8220;puesto que la Escuela Municipal de Idiomas est\u00e1 siendo un \u00e9xito, considero fundamental trasladar este aprendizaje ling\u00fc\u00edstico a los m\u00e1s peque\u00f1os, tal y como prometi\u00f3 en Consejo Escolar anterior&#8221;.<\/p>\n<p style=\"margin-top: 0cm;\">Estas clases de ingl\u00e7es estan inclu\u00eddas en las cuotas mensuales habituales y es un servicio que se ha propuesto des de la Regidoria d&#8217;Educaci\u00f3 para todos los ni\u00f1os que est\u00e1n matriculados en la Guarder\u00eda Municipal, de dentro o de fuera del municipio<\/p>\n","protected":false},"excerpt":{"rendered":"<p>Aquest dimarts 9 de gener ha comen\u00e7at l&#8217;ensenyament d&#8217;angl\u00e8s a les dues classes de P2 de la Llar d\u2019infants municipal. Els nadons d\u2019aquest curs realitzaran dues hores a la setmana &hellip; <a href=\"https:\/\/bisbalpenedes.com\/web\/2018\/01\/09\/els-alumnes-de-la-llar-dinfants-municipal-sintrodueixen-en-la-llengua-anglesa\/\" class=\"more-link\">Read More<\/a><\/p>\n","protected":false},"author":4,"featured_media":4168,"comment_status":"closed","ping_status":"closed","sticky":false,"template":"","format":"standard","meta":[],"categories":[16],"tags":[834,1123,272,1122,1124,1121],"_links":{"self":[{"href":"https:\/\/bisbalpenedes.com\/web\/wp-json\/wp\/v2\/posts\/4167"}],"collection":[{"href":"https:\/\/bisbalpenedes.com\/web\/wp-json\/wp\/v2\/posts"}],"about":[{"href":"https:\/\/bisbalpenedes.com\/web\/wp-json\/wp\/v2\/types\/post"}],"author":[{"embeddable":true,"href":"https:\/\/bisbalpenedes.com\/web\/wp-json\/wp\/v2\/users\/4"}],"replies":[{"embeddable":true,"href":"https:\/\/bisbalpenedes.com\/web\/wp-json\/wp\/v2\/comments?post=4167"}],"version-history":[{"count":4,"href":"https:\/\/bisbalpenedes.com\/web\/wp-json\/wp\/v2\/posts\/4167\/revisions"}],"predecessor-version":[{"id":4172,"href":"https:\/\/bisbalpenedes.com\/web\/wp-json\/wp\/v2\/posts\/4167\/revisions\/4172"}],"wp:featuredmedia":[{"embeddable":true,"href":"https:\/\/bisbalpenedes.com\/web\/wp-json\/wp\/v2\/media\/4168"}],"wp:attachment":[{"href":"https:\/\/bisbalpenedes.com\/web\/wp-json\/wp\/v2\/media?parent=4167"}],"wp:term":[{"taxonomy":"category","embeddable":true,"href":"https:\/\/bisbalpenedes.com\/web\/wp-json\/wp\/v2\/categories?post=4167"},{"taxonomy":"post_tag","embeddable":true,"href":"https:\/\/bisbalpenedes.com\/web\/wp-json\/wp\/v2\/tags?post=4167"}],"curies":[{"name":"wp","href":"https:\/\/api.w.org\/{rel}","templated":true}]}}