{"id":4088,"date":"2018-01-05T11:41:57","date_gmt":"2018-01-05T10:41:57","guid":{"rendered":"http:\/\/bisbalpenedes.com\/web\/?p=4088"},"modified":"2018-01-05T11:41:57","modified_gmt":"2018-01-05T10:41:57","slug":"diumenge-7-de-gener-a-les-18-30h-hi-haura-concert-de-nadal-a-lesglesia-parroquial-de-santa-maria-de-la-bisbal","status":"publish","type":"post","link":"https:\/\/bisbalpenedes.com\/web\/2018\/01\/05\/diumenge-7-de-gener-a-les-18-30h-hi-haura-concert-de-nadal-a-lesglesia-parroquial-de-santa-maria-de-la-bisbal\/","title":{"rendered":"Diumenge 7 de gener a les 18.30h hi haur\u00e0 Concert de Nadal a l&#8217;Esgl\u00e9sia Parroquial de Santa Maria de la Bisbal"},"content":{"rendered":"<p><a href=\"http:\/\/bisbalpenedes.com\/web\/wp-content\/uploads\/2018\/01\/cartell-concert-diumenge.jpg\"><img loading=\"lazy\" class=\"aligncenter size-medium wp-image-4089\" src=\"http:\/\/bisbalpenedes.com\/web\/wp-content\/uploads\/2018\/01\/cartell-concert-diumenge-212x300.jpg\" alt=\"cartell concert diumenge\" width=\"212\" height=\"300\" srcset=\"https:\/\/bisbalpenedes.com\/web\/wp-content\/uploads\/2018\/01\/cartell-concert-diumenge-212x300.jpg 212w, https:\/\/bisbalpenedes.com\/web\/wp-content\/uploads\/2018\/01\/cartell-concert-diumenge-600x848.jpg 600w, https:\/\/bisbalpenedes.com\/web\/wp-content\/uploads\/2018\/01\/cartell-concert-diumenge-768x1086.jpg 768w, https:\/\/bisbalpenedes.com\/web\/wp-content\/uploads\/2018\/01\/cartell-concert-diumenge-724x1024.jpg 724w, https:\/\/bisbalpenedes.com\/web\/wp-content\/uploads\/2018\/01\/cartell-concert-diumenge-scaled.jpg 1811w\" sizes=\"(max-width: 212px) 100vw, 212px\" \/><\/a><\/p>\n<p>El diumenge 7 de gener a les 18:30h, a l&#8217;Esgl\u00e9sia Parroquial Santa Maria, tindr\u00e0 lloc el Concert de Nadal en el marc de la campanya per a la reparaci\u00f3 de l&#8217;Orgue de la Bisbal. El concert anir\u00e0 a c\u00e0rrec dels cors Antistiana M\u00e0skili, Prades Cor i Santa Maria i el pianista Javier Valeriano, tot plegat sota la direcci\u00f3 de Carles Capseta.<\/p>\n","protected":false},"excerpt":{"rendered":"<p>El diumenge 7 de gener a les 18:30h, a l&#8217;Esgl\u00e9sia Parroquial Santa Maria, tindr\u00e0 lloc el Concert de Nadal en el marc de la campanya per a la reparaci\u00f3 de &hellip; <a href=\"https:\/\/bisbalpenedes.com\/web\/2018\/01\/05\/diumenge-7-de-gener-a-les-18-30h-hi-haura-concert-de-nadal-a-lesglesia-parroquial-de-santa-maria-de-la-bisbal\/\" class=\"more-link\">Read More<\/a><\/p>\n","protected":false},"author":4,"featured_media":4089,"comment_status":"closed","ping_status":"closed","sticky":false,"template":"","format":"standard","meta":[],"categories":[13],"tags":[1108,1112,73,1110,1113,1111,989,1109],"_links":{"self":[{"href":"https:\/\/bisbalpenedes.com\/web\/wp-json\/wp\/v2\/posts\/4088"}],"collection":[{"href":"https:\/\/bisbalpenedes.com\/web\/wp-json\/wp\/v2\/posts"}],"about":[{"href":"https:\/\/bisbalpenedes.com\/web\/wp-json\/wp\/v2\/types\/post"}],"author":[{"embeddable":true,"href":"https:\/\/bisbalpenedes.com\/web\/wp-json\/wp\/v2\/users\/4"}],"replies":[{"embeddable":true,"href":"https:\/\/bisbalpenedes.com\/web\/wp-json\/wp\/v2\/comments?post=4088"}],"version-history":[{"count":1,"href":"https:\/\/bisbalpenedes.com\/web\/wp-json\/wp\/v2\/posts\/4088\/revisions"}],"predecessor-version":[{"id":4090,"href":"https:\/\/bisbalpenedes.com\/web\/wp-json\/wp\/v2\/posts\/4088\/revisions\/4090"}],"wp:featuredmedia":[{"embeddable":true,"href":"https:\/\/bisbalpenedes.com\/web\/wp-json\/wp\/v2\/media\/4089"}],"wp:attachment":[{"href":"https:\/\/bisbalpenedes.com\/web\/wp-json\/wp\/v2\/media?parent=4088"}],"wp:term":[{"taxonomy":"category","embeddable":true,"href":"https:\/\/bisbalpenedes.com\/web\/wp-json\/wp\/v2\/categories?post=4088"},{"taxonomy":"post_tag","embeddable":true,"href":"https:\/\/bisbalpenedes.com\/web\/wp-json\/wp\/v2\/tags?post=4088"}],"curies":[{"name":"wp","href":"https:\/\/api.w.org\/{rel}","templated":true}]}}