{"id":4078,"date":"2018-01-04T09:27:08","date_gmt":"2018-01-04T08:27:08","guid":{"rendered":"http:\/\/bisbalpenedes.com\/web\/?p=4078"},"modified":"2018-01-04T09:28:24","modified_gmt":"2018-01-04T08:28:24","slug":"saprova-linforme-i-la-contractacio-per-a-lexecucio-de-les-obres-dadequacio-de-les-installacions-denllumenat-public-a-lesplai-i-can-gordei","status":"publish","type":"post","link":"https:\/\/bisbalpenedes.com\/web\/2018\/01\/04\/saprova-linforme-i-la-contractacio-per-a-lexecucio-de-les-obres-dadequacio-de-les-installacions-denllumenat-public-a-lesplai-i-can-gordei\/","title":{"rendered":"S\u2019aprova l\u2019informe i la contractaci\u00f3 per a l\u2019execuci\u00f3 de les obres d\u2019adequaci\u00f3 de les instal\u00b7lacions d\u2019enllumenat p\u00fablic a l\u2019Esplai i Can Gordei"},"content":{"rendered":"<p>&nbsp;<\/p>\n<h6 style=\"text-align: center;\"><a href=\"http:\/\/bisbalpenedes.com\/web\/wp-content\/uploads\/2018\/01\/quadre-de-llum-1.jpg\"><img loading=\"lazy\" class=\"aligncenter size-medium wp-image-4079\" src=\"http:\/\/bisbalpenedes.com\/web\/wp-content\/uploads\/2018\/01\/quadre-de-llum-1-300x225.jpg\" alt=\"quadre de llum 1\" width=\"300\" height=\"225\" srcset=\"https:\/\/bisbalpenedes.com\/web\/wp-content\/uploads\/2018\/01\/quadre-de-llum-1-300x225.jpg 300w, https:\/\/bisbalpenedes.com\/web\/wp-content\/uploads\/2018\/01\/quadre-de-llum-1-600x450.jpg 600w, https:\/\/bisbalpenedes.com\/web\/wp-content\/uploads\/2018\/01\/quadre-de-llum-1-768x576.jpg 768w, https:\/\/bisbalpenedes.com\/web\/wp-content\/uploads\/2018\/01\/quadre-de-llum-1-1024x768.jpg 1024w\" sizes=\"(max-width: 300px) 100vw, 300px\" \/><\/a>Detall d&#8217;una caseta de la llum\u00a0de Can Gordei<\/h6>\n<p><span style=\"color: #000000;\">La Junta de Govern del 23 de novembre de 2017 va aprovar l\u2019informe per a les obres d\u2019adequaci\u00f3 de les instal\u00b7lacions d\u2019enllumenat p\u00fablic a l\u2019Esplai i Can Gordei. Aquest informe, que es va redactar basant-se en les inspeccions dels quadres el\u00e8ctrics del municipi amb l\u2019entitat d\u2019inspecci\u00f3 i control ECA, acreditada per la Generalitat de Catalunya,\u00a0 conclo\u00efa que vuit quadres el\u00e8ctrics de Can Gordei i l\u2019Esplai tenien actes desfavorables i defici\u00e8ncies a esmenar.<\/span><\/p>\n<p><span style=\"color: #000000;\">L\u2019Ajuntament de la Bisbal va fer arribar la proposta d\u2019arranjament a cinc empreses, tres d\u2019elles de la Bisbal, perqu\u00e8 presentessin els seus projectes d\u2019execuci\u00f3 de les obres. Finalment es van presentar tres propostes i, segons els informes t\u00e8cnics, la contractaci\u00f3 s\u2019ha aprovat per Junta de Govern del 28 de desembre a favor d\u2019una empresa bisbalenca que dur\u00e0 a terme els treballs entre les mesos de gener i febrer de 2018 per un import de 21.654,16\u20ac.<\/span><\/p>\n<p><span style=\"color: #000000;\">L\u2019import de la inversi\u00f3 \u00e9s de 25.951,50\u20ac (IVA incl\u00f2s), quantitat sobre la qual es va demanar una subvenci\u00f3 a la Diputaci\u00f3 de Tarragona en l\u2019\u00e0mbit de les Actuacions Integrals al Territori i Cooperaci\u00f3, en el Servei d\u2019Assist\u00e8ncia Municipal, a trav\u00e9s de la subvenci\u00f3 PEXI, que ha atorgat un import de 24.654,01\u20ac per a l\u2019esmentada inversi\u00f3.<\/span><\/p>\n<p>&nbsp;<\/p>\n<p>&nbsp;<\/p>\n","protected":false},"excerpt":{"rendered":"<p>&nbsp; Detall d&#8217;una caseta de la llum\u00a0de Can Gordei La Junta de Govern del 23 de novembre de 2017 va aprovar l\u2019informe per a les obres d\u2019adequaci\u00f3 de les instal\u00b7lacions &hellip; <a href=\"https:\/\/bisbalpenedes.com\/web\/2018\/01\/04\/saprova-linforme-i-la-contractacio-per-a-lexecucio-de-les-obres-dadequacio-de-les-installacions-denllumenat-public-a-lesplai-i-can-gordei\/\" class=\"more-link\">Read More<\/a><\/p>\n","protected":false},"author":4,"featured_media":4079,"comment_status":"closed","ping_status":"closed","sticky":false,"template":"","format":"standard","meta":[],"categories":[4],"tags":[1104,198,673,1106,1105,276,441,1107],"_links":{"self":[{"href":"https:\/\/bisbalpenedes.com\/web\/wp-json\/wp\/v2\/posts\/4078"}],"collection":[{"href":"https:\/\/bisbalpenedes.com\/web\/wp-json\/wp\/v2\/posts"}],"about":[{"href":"https:\/\/bisbalpenedes.com\/web\/wp-json\/wp\/v2\/types\/post"}],"author":[{"embeddable":true,"href":"https:\/\/bisbalpenedes.com\/web\/wp-json\/wp\/v2\/users\/4"}],"replies":[{"embeddable":true,"href":"https:\/\/bisbalpenedes.com\/web\/wp-json\/wp\/v2\/comments?post=4078"}],"version-history":[{"count":2,"href":"https:\/\/bisbalpenedes.com\/web\/wp-json\/wp\/v2\/posts\/4078\/revisions"}],"predecessor-version":[{"id":4081,"href":"https:\/\/bisbalpenedes.com\/web\/wp-json\/wp\/v2\/posts\/4078\/revisions\/4081"}],"wp:featuredmedia":[{"embeddable":true,"href":"https:\/\/bisbalpenedes.com\/web\/wp-json\/wp\/v2\/media\/4079"}],"wp:attachment":[{"href":"https:\/\/bisbalpenedes.com\/web\/wp-json\/wp\/v2\/media?parent=4078"}],"wp:term":[{"taxonomy":"category","embeddable":true,"href":"https:\/\/bisbalpenedes.com\/web\/wp-json\/wp\/v2\/categories?post=4078"},{"taxonomy":"post_tag","embeddable":true,"href":"https:\/\/bisbalpenedes.com\/web\/wp-json\/wp\/v2\/tags?post=4078"}],"curies":[{"name":"wp","href":"https:\/\/api.w.org\/{rel}","templated":true}]}}