{"id":4074,"date":"2018-01-03T12:43:27","date_gmt":"2018-01-03T11:43:27","guid":{"rendered":"http:\/\/bisbalpenedes.com\/web\/?p=4074"},"modified":"2018-01-04T12:23:36","modified_gmt":"2018-01-04T11:23:36","slug":"aquest-mes-de-gener-comencara-el-desplegament-de-la-fibra-optica-al-nucli-urba-de-la-bisbal","status":"publish","type":"post","link":"https:\/\/bisbalpenedes.com\/web\/2018\/01\/03\/aquest-mes-de-gener-comencara-el-desplegament-de-la-fibra-optica-al-nucli-urba-de-la-bisbal\/","title":{"rendered":"Aquest mes de gener comen\u00e7ar\u00e0 el desplegament de la fibra \u00f2ptica al nucli urb\u00e0 de la Bisbal"},"content":{"rendered":"<p><span style=\"color: #000000;\">Aquest mes de gener comen\u00e7aran els treballs de desplegament de la fibra \u00f2ptica al nucli urb\u00e0 de La Bisbal del Pened\u00e8s i, al mateix temps, es dotar\u00e0 de connectivitat la resta d\u2019urbanitzacions del municipi sota el nom comercial de \u201cFibra \u00d2ptica Pened\u00e8s\u201d. Amb aquesta iniciativa es pret\u00e9n poder donar servei de connexi\u00f3 a internet d\u2019alta velocitat, telefonia fixa i m\u00f2bil aix\u00ed com televisi\u00f3 als ve\u00efns de la zona. En el cas dels barris que no formen part del nucli de la bisbal no es far\u00e0 la instal\u00b7laci\u00f3 del cablejat de fibra \u00f2ptica sin\u00f3 que es far\u00e0 arribar connexi\u00f3 a internet d&#8217;alta velocitat per r\u00e0dio. En concret es far\u00e0 arribar internet en aquesta altra modalitat als seg\u00fcents barris i zones: Priorat de la Bisbal, Can Gordei, L&#8217;Esplai, El Papagai, L&#8217;Ortig\u00f3s, La Miralba, Santa Cristina, La Masieta i els pol\u00edgons industrials.<\/span><\/p>\n<p><span style=\"color: #000000;\">La Junta de Govern local del passat dijous 28 de desembre va aprovar el \u2018Pla de desplegament de la xarxa de fibra \u00f2ptica al nucli de La Bisbal del Pened\u00e8s\u2019. L\u2019Ajuntament de la Bisbal fa m\u00e9s d\u2019un any que est\u00e0 en contacte amb ApFutura, un operador que es va interessar en portar fibra \u00f2ptica al nucli de la Bisbal i fer-lo arribar amb ones Wi-Fi a la resta del municipi per donar un millor servei de connexi\u00f3.<\/span><\/p>\n<p><span style=\"color: #000000;\">A m\u00e9s, a partir del mes de mar\u00e7 \u201cFibra \u00d2ptica Pened\u00e8s\u201d comptar\u00e0 amb un local comercial al municipi (carrer Pare Junqu\u00e9, 3) que servir\u00e0 perqu\u00e8 els ciutadans puguin informar-se i contractar qualsevol dels serveis disponibles. L\u2019operador dels serveis \u00e9s ApFutura qui, a trav\u00e9s d\u2019Adamo Telecom Iberia SAU, va presentar el passat mes de desembre el \u2018Pla de desplegament\u2019 de l\u2019estesa al municipi d\u2019una nova xarxa d\u2019acc\u00e9s ultra r\u00e0pida de nova generaci\u00f3 mitjan\u00e7ant fibra \u00f2ptica, anomenada FTTH (Fiber to the home).<\/span><\/p>\n<p><span style=\"color: #000000;\">Els t\u00e8cnics municipals han fet els informes favorables i, posteriorment, ha estat aprovada per Junta de Govern, acomplint aix\u00ed la Llei 2014, de 9 de maig, de Telecomunicacions i la normativa municipal.<\/span><\/p>\n<p><span style=\"color: #000000;\">Fibra \u00d2ptica Pened\u00e8s forma part de l\u2019operador ApFutura, des del qual es d\u00f3na servei de connectivitat a diversos municipis de Catalunya com l\u2019Ametlla de Mar, La S\u00e8nia, Mora d\u2019Ebre, Riba-Roja, Cap\u00e7anes, Centelles, etc. ApFutura compta amb m\u00e9s de 10 anys de traject\u00f2ria i m\u00e9s de 10.000 clien<\/span>ts.<\/p>\n","protected":false},"excerpt":{"rendered":"<p>Aquest mes de gener comen\u00e7aran els treballs de desplegament de la fibra \u00f2ptica al nucli urb\u00e0 de La Bisbal del Pened\u00e8s i, al mateix temps, es dotar\u00e0 de connectivitat la &hellip; <a href=\"https:\/\/bisbalpenedes.com\/web\/2018\/01\/03\/aquest-mes-de-gener-comencara-el-desplegament-de-la-fibra-optica-al-nucli-urba-de-la-bisbal\/\" class=\"more-link\">Read More<\/a><\/p>\n","protected":false},"author":4,"featured_media":2355,"comment_status":"closed","ping_status":"closed","sticky":false,"template":"","format":"standard","meta":[],"categories":[4],"tags":[1101,1099,1102,1098,27,1100,1103],"_links":{"self":[{"href":"https:\/\/bisbalpenedes.com\/web\/wp-json\/wp\/v2\/posts\/4074"}],"collection":[{"href":"https:\/\/bisbalpenedes.com\/web\/wp-json\/wp\/v2\/posts"}],"about":[{"href":"https:\/\/bisbalpenedes.com\/web\/wp-json\/wp\/v2\/types\/post"}],"author":[{"embeddable":true,"href":"https:\/\/bisbalpenedes.com\/web\/wp-json\/wp\/v2\/users\/4"}],"replies":[{"embeddable":true,"href":"https:\/\/bisbalpenedes.com\/web\/wp-json\/wp\/v2\/comments?post=4074"}],"version-history":[{"count":5,"href":"https:\/\/bisbalpenedes.com\/web\/wp-json\/wp\/v2\/posts\/4074\/revisions"}],"predecessor-version":[{"id":4084,"href":"https:\/\/bisbalpenedes.com\/web\/wp-json\/wp\/v2\/posts\/4074\/revisions\/4084"}],"wp:featuredmedia":[{"embeddable":true,"href":"https:\/\/bisbalpenedes.com\/web\/wp-json\/wp\/v2\/media\/2355"}],"wp:attachment":[{"href":"https:\/\/bisbalpenedes.com\/web\/wp-json\/wp\/v2\/media?parent=4074"}],"wp:term":[{"taxonomy":"category","embeddable":true,"href":"https:\/\/bisbalpenedes.com\/web\/wp-json\/wp\/v2\/categories?post=4074"},{"taxonomy":"post_tag","embeddable":true,"href":"https:\/\/bisbalpenedes.com\/web\/wp-json\/wp\/v2\/tags?post=4074"}],"curies":[{"name":"wp","href":"https:\/\/api.w.org\/{rel}","templated":true}]}}