{"id":405,"date":"2013-01-24T16:56:56","date_gmt":"2013-01-24T10:56:56","guid":{"rendered":"http:\/\/bisbalpenedes.com\/web\/?p=405"},"modified":"2013-01-24T16:58:41","modified_gmt":"2013-01-24T10:58:41","slug":"presentacio-del-llibre-delenda-est-hispania","status":"publish","type":"post","link":"https:\/\/bisbalpenedes.com\/web\/2013\/01\/24\/presentacio-del-llibre-delenda-est-hispania\/","title":{"rendered":"Presentaci\u00f3 del llibre: &#8220;Delenda est hispania&#8221;"},"content":{"rendered":"<address>Els Catalans comencem a fer consci\u00e8ncia que la Independ\u00e8ncia no sorgir\u00e0 d\u2019una classe pol\u00edtica de Capital, permanentment atordida i desorientada.<\/address>\n<address>No ens mereixem ser governats per uns que aproven un Estatut i continuen proclamant proclames de sobirania. Uns patricis que busquen complicitats, fins i tot m\u00e9s enll\u00e0 del poble. Uns pol\u00edtics de capital, que els pesa m\u00e9s les seves pr\u00f2pies depend\u00e8ncies al Parlament. Aquells secrets inconfessables amb les grans corporacions d\u2019empreses espanyoles moltes vegades xoquen amb el sentiment d\u2019un poble. Per aix\u00f2 la plena llibertat de Catalunya, nom\u00e9s \u00e9s possible per aclamaci\u00f3 popular, per la societat civil.<\/address>\n<address>Si la sobirania realment resideix en el poble, \u00e9s el poble que ha d\u2019exercir-la, apa don\u00e7, fem dra\u00e7era!!. S\u00f3m cada vegada m\u00e9s conscients del poder que tenim com a poble, un poder del qual, despr\u00e9s de 300 anys de ser conquerits i de submissi\u00f3, ja no en s\u00f3m conscients.<\/address>\n<p>&nbsp;<\/p>\n<h2>Divendres 15 de febrer a les 20 hores<\/h2>\n<h2>al Centre Municipal de Cultura<\/h2>\n<h2>XERRADA presentaci\u00f3 del llibre d\u2019Albert Pont<\/h2>\n<h1>Delenda est Hispania<\/h1>\n","protected":false},"excerpt":{"rendered":"<p>Els Catalans comencem a fer consci\u00e8ncia que la Independ\u00e8ncia no sorgir\u00e0 d\u2019una classe pol\u00edtica de Capital, permanentment atordida i desorientada. No ens mereixem ser governats per uns que aproven un &hellip; <a href=\"https:\/\/bisbalpenedes.com\/web\/2013\/01\/24\/presentacio-del-llibre-delenda-est-hispania\/\" class=\"more-link\">Read More<\/a><\/p>\n","protected":false},"author":1,"featured_media":406,"comment_status":"closed","ping_status":"open","sticky":false,"template":"","format":"standard","meta":[],"categories":[13],"tags":[47,48,45],"_links":{"self":[{"href":"https:\/\/bisbalpenedes.com\/web\/wp-json\/wp\/v2\/posts\/405"}],"collection":[{"href":"https:\/\/bisbalpenedes.com\/web\/wp-json\/wp\/v2\/posts"}],"about":[{"href":"https:\/\/bisbalpenedes.com\/web\/wp-json\/wp\/v2\/types\/post"}],"author":[{"embeddable":true,"href":"https:\/\/bisbalpenedes.com\/web\/wp-json\/wp\/v2\/users\/1"}],"replies":[{"embeddable":true,"href":"https:\/\/bisbalpenedes.com\/web\/wp-json\/wp\/v2\/comments?post=405"}],"version-history":[{"count":4,"href":"https:\/\/bisbalpenedes.com\/web\/wp-json\/wp\/v2\/posts\/405\/revisions"}],"predecessor-version":[{"id":411,"href":"https:\/\/bisbalpenedes.com\/web\/wp-json\/wp\/v2\/posts\/405\/revisions\/411"}],"wp:featuredmedia":[{"embeddable":true,"href":"https:\/\/bisbalpenedes.com\/web\/wp-json\/wp\/v2\/media\/406"}],"wp:attachment":[{"href":"https:\/\/bisbalpenedes.com\/web\/wp-json\/wp\/v2\/media?parent=405"}],"wp:term":[{"taxonomy":"category","embeddable":true,"href":"https:\/\/bisbalpenedes.com\/web\/wp-json\/wp\/v2\/categories?post=405"},{"taxonomy":"post_tag","embeddable":true,"href":"https:\/\/bisbalpenedes.com\/web\/wp-json\/wp\/v2\/tags?post=405"}],"curies":[{"name":"wp","href":"https:\/\/api.w.org\/{rel}","templated":true}]}}