{"id":4048,"date":"2017-12-29T11:41:53","date_gmt":"2017-12-29T10:41:53","guid":{"rendered":"http:\/\/bisbalpenedes.com\/web\/?p=4048"},"modified":"2017-12-29T11:41:53","modified_gmt":"2017-12-29T10:41:53","slug":"lassociacio-de-propietaris-de-can-gordei-cedeix-gratuitament-el-seu-local-a-lajuntament","status":"publish","type":"post","link":"https:\/\/bisbalpenedes.com\/web\/2017\/12\/29\/lassociacio-de-propietaris-de-can-gordei-cedeix-gratuitament-el-seu-local-a-lajuntament\/","title":{"rendered":"L\u2019Associaci\u00f3 de Propietaris de Can Gordei cedeix gratu\u00eftament el seu local a l\u2019Ajuntament"},"content":{"rendered":"<p>&nbsp;<\/p>\n<p><a href=\"http:\/\/bisbalpenedes.com\/web\/wp-content\/uploads\/2017\/12\/LOCAL-CAN-GORDEI-2.jpg\"><img loading=\"lazy\" class=\"aligncenter size-medium wp-image-4049\" src=\"http:\/\/bisbalpenedes.com\/web\/wp-content\/uploads\/2017\/12\/LOCAL-CAN-GORDEI-2-300x225.jpg\" alt=\"LOCAL CAN GORDEI 2\" width=\"300\" height=\"225\" srcset=\"https:\/\/bisbalpenedes.com\/web\/wp-content\/uploads\/2017\/12\/LOCAL-CAN-GORDEI-2-300x225.jpg 300w, https:\/\/bisbalpenedes.com\/web\/wp-content\/uploads\/2017\/12\/LOCAL-CAN-GORDEI-2-600x450.jpg 600w, https:\/\/bisbalpenedes.com\/web\/wp-content\/uploads\/2017\/12\/LOCAL-CAN-GORDEI-2-768x576.jpg 768w, https:\/\/bisbalpenedes.com\/web\/wp-content\/uploads\/2017\/12\/LOCAL-CAN-GORDEI-2-1024x768.jpg 1024w\" sizes=\"(max-width: 300px) 100vw, 300px\" \/><\/a><\/p>\n<p>L\u2019Associaci\u00f3 de propietaris de Can Gordei va sol\u00b7licitar el gener de 2017 la cessi\u00f3 gratu\u00efta del local social, de la seva propietat, a l\u2019Ajuntament. Aleshores, l\u2019Equip de Govern i la Junta de l\u2019entitat van mantenir una reuni\u00f3 amb la finalitat de parlar d\u2019aquesta cessi\u00f3 i es va acordar que es farien tots els tr\u00e0mits oportuns per acceptar la cessi\u00f3 del local a finals d\u2019any. Aquest 28 de desembre s\u2019ha aprovat aquesta cessi\u00f3 per Junta de Govern Local. Despr\u00e9s d\u2019aquesta aprovaci\u00f3, s\u2019ha d\u2019elevar a escriptura p\u00fablica l\u2019acceptaci\u00f3 de la cessi\u00f3, inscriure el local a l\u2019inventari municipal i registrar-lo al Registre de la Propietat.<\/p>\n<p>L\u2019edifici del local social de Can Gordei est\u00e0 ubicat en una parcel\u00b7la d\u2019equipaments comunitaris de propietat municipal, de 239m\u00b2. Es va construir l\u2019any 1975 per\u00f2 l\u2019Associaci\u00f3 de Propietaris hi ha anat fent reformes. L\u2019edifici, que sempre ha estat obert amb el servei de bar i botiga llogats, consta de bar amb zona de cuina, sala polivalent de menjador, zona recreativa, botiga de queviures, lavabos, despatx i una terrassa amb porxo i traster. Els informes dels serveis t\u00e8cnics municipals han valorat l\u2019edificaci\u00f3 i el seu contingut en 100.355\u20ac.<\/p>\n<p>L\u2019Ajuntament subrogar\u00e0 el contracte actual d\u2019explotaci\u00f3 del servei de bar i botiga i, una vegada acabi el contracte, es traur\u00e0 a concurs la seva gesti\u00f3. A m\u00e9s, com que es tracta d\u2019un local municipal, l\u2019Ajuntament de la Bisbal l\u2019adequar\u00e0 perqu\u00e8 compleixi les normatives vigents d\u2019accessibilitat i seguretat.<\/p>\n<p>L\u2019alcaldessa de la Bisbal, Agn\u00e8s Ferr\u00e9, afirma que es tracta d\u2019un local molt necessari i que, per aix\u00f2 \u201cla voluntat de l\u2019Ajuntament de la Bisbal \u00e9s que en el moment que sigui municipal segueixi funcionant i donant servei als ve\u00efns de la zona\u201d. A m\u00e9s, l\u2019Ajuntament t\u00e9 la intenci\u00f3 de fer arribar serveis que en l\u2019actualitat s\u2019ofereixen al nucli, com ara la gimn\u00e0stica.<\/p>\n","protected":false},"excerpt":{"rendered":"<p>&nbsp; L\u2019Associaci\u00f3 de propietaris de Can Gordei va sol\u00b7licitar el gener de 2017 la cessi\u00f3 gratu\u00efta del local social, de la seva propietat, a l\u2019Ajuntament. Aleshores, l\u2019Equip de Govern i &hellip; <a href=\"https:\/\/bisbalpenedes.com\/web\/2017\/12\/29\/lassociacio-de-propietaris-de-can-gordei-cedeix-gratuitament-el-seu-local-a-lajuntament\/\" class=\"more-link\">Read More<\/a><\/p>\n","protected":false},"author":4,"featured_media":4049,"comment_status":"closed","ping_status":"closed","sticky":false,"template":"","format":"standard","meta":[],"categories":[4],"tags":[198,1092,1091,1071,247,1093],"_links":{"self":[{"href":"https:\/\/bisbalpenedes.com\/web\/wp-json\/wp\/v2\/posts\/4048"}],"collection":[{"href":"https:\/\/bisbalpenedes.com\/web\/wp-json\/wp\/v2\/posts"}],"about":[{"href":"https:\/\/bisbalpenedes.com\/web\/wp-json\/wp\/v2\/types\/post"}],"author":[{"embeddable":true,"href":"https:\/\/bisbalpenedes.com\/web\/wp-json\/wp\/v2\/users\/4"}],"replies":[{"embeddable":true,"href":"https:\/\/bisbalpenedes.com\/web\/wp-json\/wp\/v2\/comments?post=4048"}],"version-history":[{"count":1,"href":"https:\/\/bisbalpenedes.com\/web\/wp-json\/wp\/v2\/posts\/4048\/revisions"}],"predecessor-version":[{"id":4050,"href":"https:\/\/bisbalpenedes.com\/web\/wp-json\/wp\/v2\/posts\/4048\/revisions\/4050"}],"wp:featuredmedia":[{"embeddable":true,"href":"https:\/\/bisbalpenedes.com\/web\/wp-json\/wp\/v2\/media\/4049"}],"wp:attachment":[{"href":"https:\/\/bisbalpenedes.com\/web\/wp-json\/wp\/v2\/media?parent=4048"}],"wp:term":[{"taxonomy":"category","embeddable":true,"href":"https:\/\/bisbalpenedes.com\/web\/wp-json\/wp\/v2\/categories?post=4048"},{"taxonomy":"post_tag","embeddable":true,"href":"https:\/\/bisbalpenedes.com\/web\/wp-json\/wp\/v2\/tags?post=4048"}],"curies":[{"name":"wp","href":"https:\/\/api.w.org\/{rel}","templated":true}]}}