{"id":4044,"date":"2017-12-28T20:58:50","date_gmt":"2017-12-28T19:58:50","guid":{"rendered":"http:\/\/bisbalpenedes.com\/web\/?p=4044"},"modified":"2017-12-28T20:58:50","modified_gmt":"2017-12-28T19:58:50","slug":"lajuntament-prorroga-la-contractacio-de-la-gestio-del-servei-de-menjador-escolar-de-la-llar-dinfants-municipal-loreneta","status":"publish","type":"post","link":"https:\/\/bisbalpenedes.com\/web\/2017\/12\/28\/lajuntament-prorroga-la-contractacio-de-la-gestio-del-servei-de-menjador-escolar-de-la-llar-dinfants-municipal-loreneta\/","title":{"rendered":"L\u2019Ajuntament prorroga la contractaci\u00f3 de la gesti\u00f3 del servei de menjador escolar de la Llar d\u2019infants municipal L\u2019Oreneta"},"content":{"rendered":"<p>La Junta de Govern Local del dia 28 de desembre ha aprovat la pr\u00f2rroga de la contractaci\u00f3 de la gesti\u00f3 del servei de menjador escolar de la Llar d\u2019infants municipal L\u2019Oreneta.<\/p>\n<p>Ara fa un any, el 15 de desembre de 2016, es va aprovar per Junta de Govern l\u2019adjudicaci\u00f3 del contracte de la gesti\u00f3 del servei de menjador de la Llar d\u2019infants a l\u2019empresa \u20187 i tria\u2019, que \u00e9s l\u2019empresa que gestiona el servei a l\u2019escola de prim\u00e0ria Ull de Vent a trav\u00e9s d\u2019una concessi\u00f3 del Consell Comarcal.<\/p>\n<p>Aquesta aprovaci\u00f3 es va fer per un any i era prorrogable un any m\u00e9s. Aquesta pr\u00f2rroga del servei, amb les mateixes condicions que hi havia al contracte inicial, \u00e9s la que s\u2019ha aprovat aquest 28 de desembre.<\/p>\n","protected":false},"excerpt":{"rendered":"<p>La Junta de Govern Local del dia 28 de desembre ha aprovat la pr\u00f2rroga de la contractaci\u00f3 de la gesti\u00f3 del servei de menjador escolar de la Llar d\u2019infants municipal &hellip; <a href=\"https:\/\/bisbalpenedes.com\/web\/2017\/12\/28\/lajuntament-prorroga-la-contractacio-de-la-gestio-del-servei-de-menjador-escolar-de-la-llar-dinfants-municipal-loreneta\/\" class=\"more-link\">Read More<\/a><\/p>\n","protected":false},"author":4,"featured_media":2174,"comment_status":"closed","ping_status":"closed","sticky":false,"template":"","format":"standard","meta":[],"categories":[16],"tags":[396,974,686,1090,272,113,1089,222],"_links":{"self":[{"href":"https:\/\/bisbalpenedes.com\/web\/wp-json\/wp\/v2\/posts\/4044"}],"collection":[{"href":"https:\/\/bisbalpenedes.com\/web\/wp-json\/wp\/v2\/posts"}],"about":[{"href":"https:\/\/bisbalpenedes.com\/web\/wp-json\/wp\/v2\/types\/post"}],"author":[{"embeddable":true,"href":"https:\/\/bisbalpenedes.com\/web\/wp-json\/wp\/v2\/users\/4"}],"replies":[{"embeddable":true,"href":"https:\/\/bisbalpenedes.com\/web\/wp-json\/wp\/v2\/comments?post=4044"}],"version-history":[{"count":1,"href":"https:\/\/bisbalpenedes.com\/web\/wp-json\/wp\/v2\/posts\/4044\/revisions"}],"predecessor-version":[{"id":4045,"href":"https:\/\/bisbalpenedes.com\/web\/wp-json\/wp\/v2\/posts\/4044\/revisions\/4045"}],"wp:featuredmedia":[{"embeddable":true,"href":"https:\/\/bisbalpenedes.com\/web\/wp-json\/wp\/v2\/media\/2174"}],"wp:attachment":[{"href":"https:\/\/bisbalpenedes.com\/web\/wp-json\/wp\/v2\/media?parent=4044"}],"wp:term":[{"taxonomy":"category","embeddable":true,"href":"https:\/\/bisbalpenedes.com\/web\/wp-json\/wp\/v2\/categories?post=4044"},{"taxonomy":"post_tag","embeddable":true,"href":"https:\/\/bisbalpenedes.com\/web\/wp-json\/wp\/v2\/tags?post=4044"}],"curies":[{"name":"wp","href":"https:\/\/api.w.org\/{rel}","templated":true}]}}