{"id":4041,"date":"2017-12-28T20:48:16","date_gmt":"2017-12-28T19:48:16","guid":{"rendered":"http:\/\/bisbalpenedes.com\/web\/?p=4041"},"modified":"2017-12-28T21:10:34","modified_gmt":"2017-12-28T20:10:34","slug":"queden-pocs-dies-perque-arribin-ssmm-els-reis-dorient","status":"publish","type":"post","link":"https:\/\/bisbalpenedes.com\/web\/2017\/12\/28\/queden-pocs-dies-perque-arribin-ssmm-els-reis-dorient\/","title":{"rendered":"Queden pocs dies perqu\u00e8 arribin SSMM els Reis d&#8217;Orient"},"content":{"rendered":"<p><a href=\"http:\/\/bisbalpenedes.com\/web\/wp-content\/uploads\/2017\/12\/reis-2018A3c2.jpg\"><img loading=\"lazy\" class=\"aligncenter size-medium wp-image-4042\" src=\"http:\/\/bisbalpenedes.com\/web\/wp-content\/uploads\/2017\/12\/reis-2018A3c2-270x300.jpg\" alt=\"Reis d'Orient\" width=\"270\" height=\"300\" srcset=\"https:\/\/bisbalpenedes.com\/web\/wp-content\/uploads\/2017\/12\/reis-2018A3c2-270x300.jpg 270w, https:\/\/bisbalpenedes.com\/web\/wp-content\/uploads\/2017\/12\/reis-2018A3c2-600x666.jpg 600w, https:\/\/bisbalpenedes.com\/web\/wp-content\/uploads\/2017\/12\/reis-2018A3c2-768x853.jpg 768w, https:\/\/bisbalpenedes.com\/web\/wp-content\/uploads\/2017\/12\/reis-2018A3c2-922x1024.jpg 922w\" sizes=\"(max-width: 270px) 100vw, 270px\" \/><\/a><\/p>\n<p>Aviat arribaran SSMM els Reis d&#8217;Orient a La Bisbal del Pened\u00e8s i ens han fet saber que els nens i les nenes de La Bisbal s&#8217;han portat molt b\u00e9. Ja us hem anat anunciant que el <strong>diumenge 31 de desembre, a les 12h<\/strong>, un Patge Reial ser\u00e0 a la pla\u00e7a de l&#8217;Esgl\u00e9sia i els nens que vulguin li podran entregar un dibuix de casa seva amb el nom i el tel\u00e8fon escrits a la part del darrere. Al final del mat\u00ed el Patge traur\u00e0 5 dibuixos de l&#8217;urna i els cinc autors de les il\u00b7lustracions podran compartir el balc\u00f3 de l&#8217;Ajuntament amb els Reis d&#8217;Orient el dia 5 de gener. A m\u00e9s, tamb\u00e9 hi haur\u00e0 jocs gegants de fusta durant el mat\u00ed.<\/p>\n<p>El dia <strong>5 de gener<\/strong> arribaran SSMM els Reis d&#8217;Orient a la Bisbal i seran a les <strong>17h al Priorat de la Bisbal, a les 18h a l&#8217;Esplai i a les 19h a Can Gordei<\/strong>. En tots els casos visitaran els locals socials de cada barri.\u00a0Els enc\u00e0rrecs reials dels barris es poden fer, amb anterioritat, al bar dels respectius locals socials.<\/p>\n<p>Tot seguit arribaran al nucli i comen\u00e7aran la seva cavalcada a les<strong> 19.15h a l&#8217;Avinguda Colom<\/strong>, amb l&#8217;acompanyament m\u00e0gic de les Fades de Llum i la Banda de Tambors i cornetes de La Societat.<\/p>\n<p>El lliurament de regals a la sala de <strong>La Societat es far\u00e0 a les 20.30h.<\/strong> Per enc\u00e0rrecs reials, us heu de dirigir el dijous 4 de gener d&#8217;11 a 13h i de 17 a 20h i el divendres 5 de gener d&#8217;11 a 13h a La Societat.<\/p>\n<p>El lliurament de regals al <strong>Poliesportiu Municipal Club Segle XX tamb\u00e9 ser\u00e0 a les 20.30h.<\/strong> Els enc\u00e0rrecs cal fer-los el dijous\u00a04 de gener d&#8217;11 a 13h i de 17 a 20h i el divendres 5 de gener d&#8217;11 a 13h al Poliesportiu.<\/p>\n<p>La recollida d&#8217;e<strong>nc\u00e0rrecs reials<\/strong> per repartiment a casa cal fer-los a les oficines de l&#8217;Ajuntament els dies <strong>2, 3 i 4 de gener<\/strong> (en horari d&#8217;oficina).<\/p>\n<p>&nbsp;<\/p>\n","protected":false},"excerpt":{"rendered":"<p>Aviat arribaran SSMM els Reis d&#8217;Orient a La Bisbal del Pened\u00e8s i ens han fet saber que els nens i les nenes de La Bisbal s&#8217;han portat molt b\u00e9. Ja &hellip; <a href=\"https:\/\/bisbalpenedes.com\/web\/2017\/12\/28\/queden-pocs-dies-perque-arribin-ssmm-els-reis-dorient\/\" class=\"more-link\">Read More<\/a><\/p>\n","protected":false},"author":4,"featured_media":4042,"comment_status":"closed","ping_status":"closed","sticky":false,"template":"","format":"standard","meta":[],"categories":[13],"tags":[198,1086,138,1087,300,204,424,1085,1084,1088],"_links":{"self":[{"href":"https:\/\/bisbalpenedes.com\/web\/wp-json\/wp\/v2\/posts\/4041"}],"collection":[{"href":"https:\/\/bisbalpenedes.com\/web\/wp-json\/wp\/v2\/posts"}],"about":[{"href":"https:\/\/bisbalpenedes.com\/web\/wp-json\/wp\/v2\/types\/post"}],"author":[{"embeddable":true,"href":"https:\/\/bisbalpenedes.com\/web\/wp-json\/wp\/v2\/users\/4"}],"replies":[{"embeddable":true,"href":"https:\/\/bisbalpenedes.com\/web\/wp-json\/wp\/v2\/comments?post=4041"}],"version-history":[{"count":3,"href":"https:\/\/bisbalpenedes.com\/web\/wp-json\/wp\/v2\/posts\/4041\/revisions"}],"predecessor-version":[{"id":4047,"href":"https:\/\/bisbalpenedes.com\/web\/wp-json\/wp\/v2\/posts\/4041\/revisions\/4047"}],"wp:featuredmedia":[{"embeddable":true,"href":"https:\/\/bisbalpenedes.com\/web\/wp-json\/wp\/v2\/media\/4042"}],"wp:attachment":[{"href":"https:\/\/bisbalpenedes.com\/web\/wp-json\/wp\/v2\/media?parent=4041"}],"wp:term":[{"taxonomy":"category","embeddable":true,"href":"https:\/\/bisbalpenedes.com\/web\/wp-json\/wp\/v2\/categories?post=4041"},{"taxonomy":"post_tag","embeddable":true,"href":"https:\/\/bisbalpenedes.com\/web\/wp-json\/wp\/v2\/tags?post=4041"}],"curies":[{"name":"wp","href":"https:\/\/api.w.org\/{rel}","templated":true}]}}