{"id":4011,"date":"2017-12-27T09:05:41","date_gmt":"2017-12-27T08:05:41","guid":{"rendered":"http:\/\/bisbalpenedes.com\/web\/?p=4011"},"modified":"2017-12-27T09:05:41","modified_gmt":"2017-12-27T08:05:41","slug":"lasociacion-de-vecinos-y-amigos-del-priorato-te-nova-junta","status":"publish","type":"post","link":"https:\/\/bisbalpenedes.com\/web\/2017\/12\/27\/lasociacion-de-vecinos-y-amigos-del-priorato-te-nova-junta\/","title":{"rendered":"L&#8217;Asociaci\u00f3n de Vecinos y Amigos del Priorato t\u00e9 nova Junta"},"content":{"rendered":"<p><a href=\"http:\/\/bisbalpenedes.com\/web\/wp-content\/uploads\/2017\/12\/Associacio-Priorat-Bisbal.jpeg\"><img loading=\"lazy\" class=\"aligncenter size-medium wp-image-4013\" src=\"http:\/\/bisbalpenedes.com\/web\/wp-content\/uploads\/2017\/12\/Associacio-Priorat-Bisbal-300x225.jpeg\" alt=\"Associacio Priorat Bisbal\" width=\"300\" height=\"225\" srcset=\"https:\/\/bisbalpenedes.com\/web\/wp-content\/uploads\/2017\/12\/Associacio-Priorat-Bisbal-300x225.jpeg 300w, https:\/\/bisbalpenedes.com\/web\/wp-content\/uploads\/2017\/12\/Associacio-Priorat-Bisbal-600x450.jpeg 600w, https:\/\/bisbalpenedes.com\/web\/wp-content\/uploads\/2017\/12\/Associacio-Priorat-Bisbal-768x576.jpeg 768w, https:\/\/bisbalpenedes.com\/web\/wp-content\/uploads\/2017\/12\/Associacio-Priorat-Bisbal-1024x768.jpeg 1024w, https:\/\/bisbalpenedes.com\/web\/wp-content\/uploads\/2017\/12\/Associacio-Priorat-Bisbal.jpeg 1600w\" sizes=\"(max-width: 300px) 100vw, 300px\" \/><\/a><\/p>\n<p>Recentment ha tingut lloc l&#8217;assemblea de socis de l&#8217;Asociaci\u00f3n de Vecinos y Amigos del Priorato.<\/p>\n<p>Com a resultat d&#8217;aquesta assemblea, la nova Junta de l&#8217;entitat queda composta de la seg\u00fcent manera:<\/p>\n<p style=\"padding-left: 30px;\">President: Amado Tejedor Tejedor<\/p>\n<p style=\"padding-left: 30px;\">Secretari: Manuel Cruz<\/p>\n<p style=\"padding-left: 30px;\">Tresorer: Juli\u00e1n Coloma Carrasco<\/p>\n<p style=\"padding-left: 30px;\">Vocals: Maria Montalb\u00e1n, Mercedes Arrufat Mart\u00ednez, Jes\u00fas Castillo Arrieta, Eladio Berm\u00fadez Toribio, Maria Esteban Guardia, Roberto Moya Gonz\u00e1lez, Ma del Carmen S\u00e1nchez Gonz\u00e1lez i Eugenia Murillo D\u00edaz<\/p>\n","protected":false},"excerpt":{"rendered":"<p>Recentment ha tingut lloc l&#8217;assemblea de socis de l&#8217;Asociaci\u00f3n de Vecinos y Amigos del Priorato. Com a resultat d&#8217;aquesta assemblea, la nova Junta de l&#8217;entitat queda composta de la seg\u00fcent &hellip; <a href=\"https:\/\/bisbalpenedes.com\/web\/2017\/12\/27\/lasociacion-de-vecinos-y-amigos-del-priorato-te-nova-junta\/\" class=\"more-link\">Read More<\/a><\/p>\n","protected":false},"author":4,"featured_media":4013,"comment_status":"closed","ping_status":"closed","sticky":false,"template":"","format":"standard","meta":[],"categories":[20,4],"tags":[1080,1082,1081,520,1083],"_links":{"self":[{"href":"https:\/\/bisbalpenedes.com\/web\/wp-json\/wp\/v2\/posts\/4011"}],"collection":[{"href":"https:\/\/bisbalpenedes.com\/web\/wp-json\/wp\/v2\/posts"}],"about":[{"href":"https:\/\/bisbalpenedes.com\/web\/wp-json\/wp\/v2\/types\/post"}],"author":[{"embeddable":true,"href":"https:\/\/bisbalpenedes.com\/web\/wp-json\/wp\/v2\/users\/4"}],"replies":[{"embeddable":true,"href":"https:\/\/bisbalpenedes.com\/web\/wp-json\/wp\/v2\/comments?post=4011"}],"version-history":[{"count":1,"href":"https:\/\/bisbalpenedes.com\/web\/wp-json\/wp\/v2\/posts\/4011\/revisions"}],"predecessor-version":[{"id":4014,"href":"https:\/\/bisbalpenedes.com\/web\/wp-json\/wp\/v2\/posts\/4011\/revisions\/4014"}],"wp:featuredmedia":[{"embeddable":true,"href":"https:\/\/bisbalpenedes.com\/web\/wp-json\/wp\/v2\/media\/4013"}],"wp:attachment":[{"href":"https:\/\/bisbalpenedes.com\/web\/wp-json\/wp\/v2\/media?parent=4011"}],"wp:term":[{"taxonomy":"category","embeddable":true,"href":"https:\/\/bisbalpenedes.com\/web\/wp-json\/wp\/v2\/categories?post=4011"},{"taxonomy":"post_tag","embeddable":true,"href":"https:\/\/bisbalpenedes.com\/web\/wp-json\/wp\/v2\/tags?post=4011"}],"curies":[{"name":"wp","href":"https:\/\/api.w.org\/{rel}","templated":true}]}}