{"id":3994,"date":"2017-12-20T12:37:40","date_gmt":"2017-12-20T11:37:40","guid":{"rendered":"http:\/\/bisbalpenedes.com\/web\/?p=3994"},"modified":"2017-12-20T12:38:02","modified_gmt":"2017-12-20T11:38:02","slug":"aquest-divendres-22-de-desembre-a-les-17h-hi-haura-taller-de-fanalets","status":"publish","type":"post","link":"https:\/\/bisbalpenedes.com\/web\/2017\/12\/20\/aquest-divendres-22-de-desembre-a-les-17h-hi-haura-taller-de-fanalets\/","title":{"rendered":"Aquest divendres 22 de desembre a les 17h hi haur\u00e0 Taller de Fanalets"},"content":{"rendered":"<p><a href=\"http:\/\/bisbalpenedes.com\/web\/wp-content\/uploads\/2017\/12\/patge-2018a.jpg\"><img loading=\"lazy\" class=\"aligncenter size-medium wp-image-3995\" src=\"http:\/\/bisbalpenedes.com\/web\/wp-content\/uploads\/2017\/12\/patge-2018a-216x300.jpg\" alt=\"patge reial i fanalets\" width=\"216\" height=\"300\" srcset=\"https:\/\/bisbalpenedes.com\/web\/wp-content\/uploads\/2017\/12\/patge-2018a-216x300.jpg 216w, https:\/\/bisbalpenedes.com\/web\/wp-content\/uploads\/2017\/12\/patge-2018a.jpg 569w\" sizes=\"(max-width: 216px) 100vw, 216px\" \/><\/a><\/p>\n<p><span style=\"color: #000000;\">El divendres 22 de desembre a les 17h farem el &#8216;Taller de Fanalets&#8217; a la\u00a0<a class=\"profileLink\" style=\"color: #000000;\" href=\"https:\/\/www.facebook.com\/BibliotecaBisbal\/?fref=mentions\" data-hovercard=\"\/ajax\/hovercard\/page.php?id=314117998946521&amp;extragetparams=%7B%22fref%22%3A%22mentions%22%7D\" data-hovercard-prefer-more-content-show=\"1\">Biblioteca p\u00fablica de la Bisbal del Pened\u00e8s<\/a>!<\/span><\/p>\n<p><span style=\"color: #000000;\">*Us recordem que el patge Reial arribar\u00e0 el diumenge 31 de desembre a les 12h a la pla\u00e7a de l&#8217;Esgl\u00e9sia i li podreu donar el vostre dibuix!<\/span><\/p>\n<p><span style=\"color: #000000;\">\u00c9s una informaci\u00f3 de la Regidoria de Cultura.<\/span><\/p>\n<p>&nbsp;<\/p>\n","protected":false},"excerpt":{"rendered":"<p>El divendres 22 de desembre a les 17h farem el &#8216;Taller de Fanalets&#8217; a la\u00a0Biblioteca p\u00fablica de la Bisbal del Pened\u00e8s! *Us recordem que el patge Reial arribar\u00e0 el diumenge &hellip; <a href=\"https:\/\/bisbalpenedes.com\/web\/2017\/12\/20\/aquest-divendres-22-de-desembre-a-les-17h-hi-haura-taller-de-fanalets\/\" class=\"more-link\">Read More<\/a><\/p>\n","protected":false},"author":4,"featured_media":3995,"comment_status":"closed","ping_status":"closed","sticky":false,"template":"","format":"standard","meta":[],"categories":[13],"tags":[180,1078,1079,1077],"_links":{"self":[{"href":"https:\/\/bisbalpenedes.com\/web\/wp-json\/wp\/v2\/posts\/3994"}],"collection":[{"href":"https:\/\/bisbalpenedes.com\/web\/wp-json\/wp\/v2\/posts"}],"about":[{"href":"https:\/\/bisbalpenedes.com\/web\/wp-json\/wp\/v2\/types\/post"}],"author":[{"embeddable":true,"href":"https:\/\/bisbalpenedes.com\/web\/wp-json\/wp\/v2\/users\/4"}],"replies":[{"embeddable":true,"href":"https:\/\/bisbalpenedes.com\/web\/wp-json\/wp\/v2\/comments?post=3994"}],"version-history":[{"count":3,"href":"https:\/\/bisbalpenedes.com\/web\/wp-json\/wp\/v2\/posts\/3994\/revisions"}],"predecessor-version":[{"id":3998,"href":"https:\/\/bisbalpenedes.com\/web\/wp-json\/wp\/v2\/posts\/3994\/revisions\/3998"}],"wp:featuredmedia":[{"embeddable":true,"href":"https:\/\/bisbalpenedes.com\/web\/wp-json\/wp\/v2\/media\/3995"}],"wp:attachment":[{"href":"https:\/\/bisbalpenedes.com\/web\/wp-json\/wp\/v2\/media?parent=3994"}],"wp:term":[{"taxonomy":"category","embeddable":true,"href":"https:\/\/bisbalpenedes.com\/web\/wp-json\/wp\/v2\/categories?post=3994"},{"taxonomy":"post_tag","embeddable":true,"href":"https:\/\/bisbalpenedes.com\/web\/wp-json\/wp\/v2\/tags?post=3994"}],"curies":[{"name":"wp","href":"https:\/\/api.w.org\/{rel}","templated":true}]}}