{"id":3990,"date":"2017-12-20T01:07:24","date_gmt":"2017-12-20T00:07:24","guid":{"rendered":"http:\/\/bisbalpenedes.com\/web\/?p=3990"},"modified":"2017-12-20T01:12:31","modified_gmt":"2017-12-20T00:12:31","slug":"ple-ordinari-del-20-de-desembre-de-2017-resum-dels-punts-tractats-a-lordre-del-dia","status":"publish","type":"post","link":"https:\/\/bisbalpenedes.com\/web\/2017\/12\/20\/ple-ordinari-del-20-de-desembre-de-2017-resum-dels-punts-tractats-a-lordre-del-dia\/","title":{"rendered":"Ple Ordinari del 20 de desembre de 2017-Resum dels punts tractats a l&#8217;Ordre del Dia"},"content":{"rendered":"<p style=\"text-align: center;\"><iframe loading=\"lazy\" src=\"https:\/\/www.youtube.com\/embed\/p90_zuSHFEI\" width=\"560\" height=\"315\" frameborder=\"0\" allowfullscreen=\"allowfullscreen\"><\/iframe><\/p>\n<ol>\n<li><span style=\"color: #000000;\"><strong><u>Aprovaci\u00f3 actes anteriors<\/u><\/strong><\/span><\/li>\n<\/ol>\n<ul>\n<li><span style=\"color: #000000;\">Ple ordinari del 18 de setembre. <strong>S\u2019aprova amb els vots a favor del PDECaT i el PSC i l\u2019abstenci\u00f3 d\u2019ERC.<\/strong><\/span><\/li>\n<li><span style=\"color: #000000;\">Ple extraordinari urgent del 25 d\u2019octubre. <strong>S\u2019aprova per unanimitat.<\/strong><\/span><\/li>\n<li><span style=\"color: #000000;\">Ple extraordinari del 23 de novembre. <strong>S\u2019aprova per unanimitat.<\/strong><\/span><\/li>\n<li><span style=\"color: #000000;\">Ple extraordinari de l\u20191 de desembre. <strong>S\u2019aprova per unanimitat.<\/strong><\/span><\/li>\n<\/ul>\n<p>&nbsp;<\/p>\n<ol start=\"2\">\n<li><span style=\"color: #000000;\"><strong><u>Donar compte de l\u2019informe de secretaria intervenci\u00f3 del per\u00edode mig de pagament del 3r trimestre del 2017. Expedient 475\/2017<\/u><\/strong><\/span><\/li>\n<\/ol>\n<p><span style=\"color: #000000;\">El per\u00edode mig del tercer trimestre \u00e9s de 30,37 dies, complint amb els requisits d\u2019estabilitat pressupost\u00e0ria i estabilitat financera.<\/span><\/p>\n<p><span style=\"color: #000000;\"><strong>Aquest punt \u00e9s per donar compte i, per tant, no es vota.<\/strong><\/span><\/p>\n<p><span style=\"color: #000000;\"><strong>\u00a0<\/strong><\/span><\/p>\n<ol start=\"3\">\n<li><span style=\"color: #000000;\"><strong><u>Aprovaci\u00f3 massa salarial del 2017. Exp.1349\/2017<\/u><\/strong><\/span><\/li>\n<\/ol>\n<p><span style=\"color: #000000;\">Segons la legislaci\u00f3 vigent, anualment s\u2019ha d\u2019aprovar la massa salarial de l\u2019any. Per aquest 2017 \u00e9s de 610.252,11\u20ac, que suposa un increment de 102.000\u20ac respecte el 2016 per les dues borses de treball: del personal de neteja i del personal de la llar d\u2019infants.<\/span><\/p>\n<p><span style=\"color: #000000;\"><strong>S\u2019aprova per unanimitat.<\/strong><\/span><\/p>\n<p><span style=\"color: #000000;\"><strong>\u00a0<\/strong><\/span><\/p>\n<ol start=\"4\">\n<li><span style=\"color: #000000;\"><strong><u>Aprovaci\u00f3 de l\u2019ordenan\u00e7a reguladora de les bases generals per l\u2019atorgament d\u2019una subvenci\u00f3 sobre la quota l\u00edquida de l\u2019Impost sobre B\u00e9ns Immobles corresponent al domicili habitual, a aquelles persones amb pocs recursos. Exp.1351\/2017<\/u><\/strong><\/span><\/li>\n<\/ol>\n<p><span style=\"color: #000000;\">Es tracta d\u2019una proposta presentada per la Regidoria d\u2019Hisenda amb la finalitat de subvencionar una part del rebut de l\u2019IBI. Aquesta subvenci\u00f3 s\u2019adre\u00e7a als propietaris o llogaters que se\u2019ls repercuteixi la quota en el rebut de lloguer, que tinguin uns ingressos bruts inferiors als referenciats a l\u2019IRSC (Indicador de Renta de Sufici\u00e8ncia de Catalunya). L\u2019import de l\u2019ajut es determinar\u00e0 a la convocat\u00f2ria de la subvenci\u00f3 i al pressupost 2018 ja hi ha una partida assignada de 4.000\u20ac.<\/span><\/p>\n<p><span style=\"color: #000000;\">La finalitat de la subvenci\u00f3 \u00e9s contribuir al sosteniment del col\u00b7lectiu de persones vulnerables al risc de pobresa i d\u2019exclusi\u00f3 social mitjan\u00e7ant la compensaci\u00f3 parcial de la c\u00e0rrega tribut\u00e0ria municipal associada a l\u2019habitatge habitual.<\/span><\/p>\n<p><span style=\"color: #000000;\"><strong>S\u2019aprova per unanimitat<\/strong>. Abans de l\u2019aprovaci\u00f3 el PSC i ERC fan constar en acta que volen que es consideri el fet que hi hagi alguna mena d\u2019ajut per a les fam\u00edlies desafavorides que no hagin pogut pagar l\u2019IBI (un dels requisits per rebre la subvenci\u00f3 que s\u2019aprovava al punt \u00e9s \u201cestar al corrent de les obligacions fiscals amb l\u2019Ajuntament, la resta d\u2019Administracions p\u00fabliques i la Seguretat Social\u201d, tal com exigeix la Llei de Subvencions).<\/span><\/p>\n<p>&nbsp;<\/p>\n<ol start=\"5\">\n<li><span style=\"color: #000000;\"><strong><u>Aprovaci\u00f3 de l\u2019ordenan\u00e7a reguladora de les bases generals per l\u2019atorgament d\u2019ajuts econ\u00f2mics per a la rehabilitaci\u00f3 i neteja de fa\u00e7anes, i el tancament de solars. Exp.1352\/2017<\/u><\/strong><\/span><\/li>\n<\/ol>\n<p><span style=\"color: #000000;\">Es tracta d\u2019una proposta presentada pel Regidor d\u2019Hisenda per promoure i facilitar actuacions de rehabilitaci\u00f3 i neteja de fa\u00e7anes, aix\u00ed com el tancament de solars urbans del municipi. Les ajudes econ\u00f2miques seran inferiors o iguals al 25% del cost total de l\u2019obra i no podran superar els 500\u20ac. Al pressupost de 2018 hi ha prevista una partida d 10.000\u20ac.<\/span><\/p>\n<p><span style=\"color: #000000;\"><strong>S\u2019aprova per unanimitat.<\/strong><\/span><\/p>\n<p><span style=\"color: #000000;\"><strong>\u00a0<\/strong><\/span><\/p>\n<ol start=\"6\">\n<li><span style=\"color: #000000;\"><strong><u>Modificaci\u00f3 d\u2019ordenances fiscals. Exp.1363\/2017<\/u><\/strong><\/span><\/li>\n<\/ol>\n<p><span style=\"color: #000000;\">Es modifiques dues ordenances:<\/span><\/p>\n<p><span style=\"color: #000000;\"><strong><u>1.-Columbaris del cementiri<\/u><\/strong><\/span><\/p>\n<p><span style=\"color: #000000;\">Aquest 2017 s\u2019han constru\u00eft 16 columbaris al cementiri municipal a iniciativa de la Regidoria de Sanitat. El cost total de subministrament i col\u00b7locaci\u00f3 dels columbaris ha estat de 3.446,08\u20ac (cost unitari de 215,38\u20ac). L\u2019import de compra d\u2019un columbari es fixa en 250\u20ac (215,38\u20ac + 34,62\u20ac de despeses generals) i la quota anual de conservaci\u00f3 \u00e9s de 6\u20ac.<\/span><\/p>\n<p><span style=\"color: #000000;\"><strong>2.-Cursos al Centre Municipal de Cultura<\/strong><\/span><\/p>\n<p><span style=\"color: #000000;\">S\u2019incorpora un nou curs dels que s\u2019ofereixen des de les regidories de Cultura, Lleure i Gent Gran: el curs de Restauraci\u00f3.<\/span><\/p>\n<p><span style=\"color: #000000;\">Aquest curs el dirigeix una bisbalenca i el cost trimestral ser\u00e0 de 36\u20ac (12\u20ac al mes).<\/span><\/p>\n<p><span style=\"color: #000000;\"><strong>S\u2019aprova per unanimitat<\/strong>.<\/span><\/p>\n<p>&nbsp;<\/p>\n<ol start=\"7\">\n<li><span style=\"color: #000000;\"><strong><u>Aprovaci\u00f3 Pla estrat\u00e8gic de Subvencions. Exp. 1350\/2017<\/u><\/strong><\/span><\/li>\n<\/ol>\n<p><span style=\"color: #000000;\">Els plans estrat\u00e8gics de subvencions es basen en l\u2019article 8 de la Llei 38\/2003, de 17 de novembre, General de Subvencions, on disposa que les administracions que estableixin subvencions han de concretar en un Pla estrat\u00e8gic de subvencions els objectius i els efectes que es pretenen amb cadascuna de les subvencions, els costos previsibles, les fonts de finan\u00e7ament i que sempre compleixin els objectius d\u2019estabilitat pressupost\u00e0ria.<\/span><\/p>\n<p><span style=\"color: #000000;\">En el Pla s\u2019hi detalla, per cada subvenci\u00f3, el cost previsible, la modalitat de concessi\u00f3, la descripci\u00f3, els objectius, els destinataris i l\u2019aplicaci\u00f3 pressupost\u00e0ria.<\/span><\/p>\n<p><span style=\"color: #000000;\">L\u2019Ajuntament de La Bisbal del Pened\u00e8s ha aprovat un Pla estrat\u00e8gic de subvencions pel 2018, on es recullen totes les subvencions que l\u2019Equip de Govern vol convocar pel 2018:<\/span><\/p>\n<p><span style=\"color: #000000;\">&#8211; Concessi\u00f3 directa a l\u2019ADF Clot de Bou per 5.000\u20ac<\/span><\/p>\n<p><span style=\"color: #000000;\">&#8211; Subvencions per rehabilitar i pintar fa\u00e7anes i fer tanques en solars, per 10.000\u20ac (s\u2019han aprovat les bases en aquest mateix Ple)<\/span><\/p>\n<p><span style=\"color: #000000;\">&#8211; Subvencions per fam\u00edlies desafavorides per 10.000\u20ac. Inclou les convocat\u00f2ries de subvencions per excursions i col\u00f2nies escolars, llibres de l\u2019escola i institut, transport escolar, menjador escolar i quota d\u2019AMPA per fam\u00edlies desafavorides.<\/span><\/p>\n<p><span style=\"color: #000000;\">&#8211; Ajuda a les fam\u00edlies mitjan\u00e7ant protocol d\u2019aigua i llum, amb 5.000\u20ac<\/span><\/p>\n<p><span style=\"color: #000000;\">&#8211; Subvencions per una part de l\u2019IBI, per 4.000\u20ac (s\u2019han aprovat les bases en aquest mateix Ple)<\/span><\/p>\n<p><span style=\"color: #000000;\">&#8211; Subvencions per Casal social per 1.500\u20ac. Subvencions pel Casal de Nadal i Casal d\u2019estiu per les fam\u00edlies amb pocs recursos econ\u00f2mics.<\/span><\/p>\n<p><span style=\"color: #000000;\">&#8211; Subvencions per fomentar l\u2019ocupaci\u00f3 a les empreses, per 10.000\u20ac<\/span><\/p>\n<p><span style=\"color: #000000;\">&#8211; Subvencions per ajudar als nous aut\u00f2noms, per 15.000\u20ac<\/span><\/p>\n<p><span style=\"color: #000000;\">&#8211; Concessi\u00f3 directa amb l\u2019escola Ull de Vent, per 10.720\u20ac pel material escolar de l\u2019escola de prim\u00e0ria.<\/span><\/p>\n<p><span style=\"color: #000000;\">&#8211; Subvencions pels llibres escolars de prim\u00e0ria, per 20.000\u20ac.<\/span><\/p>\n<p><span style=\"color: #000000;\">&#8211; Subvencions pel transport escolar, amb 5.000\u20ac.<\/span><\/p>\n<p><span style=\"color: #000000;\">&#8211; Subvencions per llibres escolars de l\u2019institut Coster la Torre, amb 17.000\u20ac.<\/span><\/p>\n<p><span style=\"color: #000000;\">&#8211; Subvencions per una part de les quotes mensuals de la llar d\u2019infants, per fam\u00edlies amb pocs recursos econ\u00f2mics, amb 6.000\u20ac.<\/span><\/p>\n<p><span style=\"color: #000000;\">&#8211; Subvencions per una part del cost diari del menjador escolar a la llar d\u2019infants i a l\u2019escola de prim\u00e0ria, amb 30.000\u20ac<\/span><\/p>\n<p><span style=\"color: #000000;\">&#8211; Subvencions per entitats culturals, amb 10.000\u20ac.<\/span><\/p>\n<p><span style=\"color: #000000;\">&#8211; Concessi\u00f3 directa de subvenci\u00f3 de 18.000\u20ac a Joventut Bisbalenca.<\/span><\/p>\n<p><span style=\"color: #000000;\">&#8211; Subvencions per entitats esportives per 2.000\u20ac.<\/span><\/p>\n<p><span style=\"color: #000000;\">&#8211; Xec nad\u00f3, subvenci\u00f3 pels nascuts a la Bisbal, amb 3.000\u20ac.<\/span><\/p>\n<p><span style=\"color: #000000;\">S\u00f3n 17 subvencions, amb un total de 182.220\u20ac, que per \u00e0rees es distribueixen de la seg\u00fcent manera:<\/span><\/p>\n<ul>\n<li><span style=\"color: #000000;\">Ensenyament: 88.720\u20ac<\/span><\/li>\n<li><span style=\"color: #000000;\">Cultura: 10.000\u20ac (sense comptar el pagament per actuacions de les diferents entitats ni el servei de fotoc\u00f2pies a entitats)<\/span><\/li>\n<li><span style=\"color: #000000;\">Esports: 20.000\u20ac<\/span><\/li>\n<li><span style=\"color: #000000;\">Ocupaci\u00f3: 25.000\u20ac<\/span><\/li>\n<li><span style=\"color: #000000;\">Medi Ambient: 5.000\u20ac<\/span><\/li>\n<li><span style=\"color: #000000;\">Natalitat i adopci\u00f3: 3.000\u20ac<\/span><\/li>\n<li><span style=\"color: #000000;\">Serveis socials: 16.500\u20ac<\/span><\/li>\n<li><span style=\"color: #000000;\">Habitatge: 14.000\u20ac<\/span><\/li>\n<\/ul>\n<p><span style=\"color: #000000;\"><strong>S\u2019aprova per unanimitat.<\/strong><\/span><\/p>\n<p><span style=\"color: #000000;\"><strong>\u00a0<\/strong><\/span><\/p>\n<ol start=\"8\">\n<li><span style=\"color: #000000;\"><strong><u>Aprovaci\u00f3 Conveni amb el Consell Comarcal del Baix Pened\u00e8s per Jove Baix Pened\u00e8s: projecte de dinamitzaci\u00f3 de pol\u00edtiques de joventut al Baix Pened\u00e8s. Exp.1365\/2017<\/u><\/strong><\/span><\/li>\n<\/ol>\n<p><span style=\"color: #000000;\">Proposta de la Regidoria de Joventut. Els municipis del Baix Pened\u00e8s participen en el projecte de dinamitzaci\u00f3 juvenil de Jove Baix Pened\u00e8s en diversos \u00e0mbits i amb aquest conveni es fixen les funcions, compet\u00e8ncies i responsabilitats de totes les parts.<\/span><\/p>\n<p><span style=\"color: #000000;\">El 2016 l\u2019Ajuntament de la Bisbal es va tornar a donar d\u2019alta dins d\u2019aquest projecte de Jove Baix Pened\u00e8s, ja que l\u2019anterior govern va decidir donar-se de baixa.<\/span><\/p>\n<p><span style=\"color: #000000;\">Al pressupost 2018 es preveu una partida de 5.000\u20ac pel Pla Local de Joventut i una partida\u00a0 de 3.003\u20ac que \u00e9s per aquest conveni amb Jove Baix Pened\u00e8s.<\/span><\/p>\n<p><span style=\"color: #000000;\">Els objectius d\u2019aquest projecte s\u00f3n:<\/span><\/p>\n<ul>\n<li><span style=\"color: #000000;\">Augmentar qualitativament i quantitativament la informaci\u00f3 que ofereixen els serveis d\u2019informaci\u00f3 juvenils de Baix Pened\u00e8s sobre diferents \u00e0mbits: formaci\u00f3, habitatge, treball, salut, educaci\u00f3, participaci\u00f3 i cultura.<\/span><\/li>\n<li><span style=\"color: #000000;\">Intercanviar informaci\u00f3, coneixements, material i altres referents a les pol\u00edtiques juvenils entre els t\u00e8cnics dels diferents municipis.<\/span><\/li>\n<li><span style=\"color: #000000;\">Estimular la participaci\u00f3 dels joves de la comarca en tots els serveis que ofereix el projecte i en les pol\u00edtiques de joventut locals i comarcals.<\/span><\/li>\n<li><span style=\"color: #000000;\">Coordinar-se i donar suport a les activitats municipals preexistents, evitant la reiteraci\u00f3 i aplicant de la forma m\u00e9s eficient els recursos posats a l\u2019abast.<\/span><\/li>\n<li><span style=\"color: #000000;\">Fomentar l\u2019an\u00e0lisi de la realitat juvenil dels municipis de la comarca per definir les accions del projecte.<\/span><\/li>\n<\/ul>\n<p><span style=\"color: #000000;\"><strong>S\u2019aprova per unanimitat<\/strong><\/span><\/p>\n<p>&nbsp;<\/p>\n<ol start=\"9\">\n<li><span style=\"color: #000000;\"><strong><u>Donar compte dels decrets d\u2019alcaldia<\/u><\/strong><\/span><\/li>\n<\/ol>\n<p><span style=\"color: #000000;\">Es d\u00f3na compte a 170 decrets d\u2019alcaldia des de setembre fins a la data del Ple Ordinari.<\/span><\/p>\n<p>&nbsp;<\/p>\n<ol start=\"10\">\n<li><span style=\"color: #000000;\"><strong><u>Informaci\u00f3 de gesti\u00f3<\/u><\/strong><\/span><\/li>\n<\/ol>\n<p><span style=\"color: #000000;\">Es facilita la informaci\u00f3 seg\u00fcent:<\/span><\/p>\n<p><span style=\"color: #000000;\">\u201cDes de comen\u00e7aments de legislatura que la regidoria de barris, el Feliu i el Pere, han fet diverses reunions amb les associacions de ve\u00efns constitu\u00efdes i registrades al Registre d\u2019Entitats de l\u2019Ajuntament, que s\u00f3n les associacions de ve\u00efns del Priorat, de la Miralba, de l\u2019Esplai i l\u2019associaci\u00f3 de propietaris de Can Gordei.<\/span><\/p>\n<p><span style=\"color: #000000;\">En aquestes reunions tamb\u00e9 es convidaven a ve\u00efns de la Masieta, l\u2019Ortig\u00f3s i Santa Cristina que no tenen associacions de ve\u00efns i del Papagai perqu\u00e8 l\u2019associaci\u00f3 de ve\u00efns est\u00e0 registrada a Sant Jaume.<\/span><\/p>\n<p><span style=\"color: #000000;\">La proposta que es va fer des de la regidoria de barris era la de crear la Coordinadora de Barris, una entitat amb representaci\u00f3 amb veu i vot de totes les associacions de ve\u00efns constitu\u00efdes i registrades i amb representaci\u00f3 de ve\u00efns dels barris on no hi ha associaci\u00f3, que tindrien veu per\u00f2 no vot.<\/span><\/p>\n<p><span style=\"color: #000000;\">Aquesta coordinadora tractaria els temes comuns a tots els barris sense entrar en detall a cada urbanitzaci\u00f3. Per exemple: servei d\u2019aigua, de bus, d\u2019il\u00b7luminaci\u00f3 p\u00fablica, &#8230; I servir d\u2019enlla\u00e7 directe amb l\u2019Ajuntament.<\/span><\/p>\n<p><span style=\"color: #000000;\">En aquests dos anys s\u2019han fet reunions i anar donant forma a aquest projecte i als seus estatuts. Els assistents a les reunions han considerat que \u00e9s un molt bon projecte i ja han comen\u00e7at a fer tots els tr\u00e0mits per constituir-se com entitat i comen\u00e7ar a funcionar.<\/span><\/p>\n<p><span style=\"color: #000000;\">Aqu\u00ed acaba la part de la regidoria de barris i comen\u00e7a la feina de la Coordinadora de fer tots els passos i crear-la.<\/span><\/p>\n<p><span style=\"color: #000000;\">Fins ara ha estat molt positiu perqu\u00e8 tamb\u00e9 ha servit perqu\u00e8 es coneguessin totes les associacions. Felicito a totes les persones que hi ha participat per aquest pas tan important que ser\u00e0 molt positiu per tot el municipi\u201d.<\/span><\/p>\n<p>&nbsp;<\/p>\n<ol start=\"11\">\n<li><span style=\"color: #000000;\"><strong>Precs i preguntes.<\/strong><\/span><\/li>\n<\/ol>\n","protected":false},"excerpt":{"rendered":"<p>Aprovaci\u00f3 actes anteriors Ple ordinari del 18 de setembre. S\u2019aprova amb els vots a favor del PDECaT i el PSC i l\u2019abstenci\u00f3 d\u2019ERC. Ple extraordinari urgent del 25 d\u2019octubre. S\u2019aprova &hellip; <a href=\"https:\/\/bisbalpenedes.com\/web\/2017\/12\/20\/ple-ordinari-del-20-de-desembre-de-2017-resum-dels-punts-tractats-a-lordre-del-dia\/\" class=\"more-link\">Read More<\/a><\/p>\n","protected":false},"author":4,"featured_media":3991,"comment_status":"closed","ping_status":"closed","sticky":false,"template":"","format":"standard","meta":[],"categories":[4],"tags":[110,1076,107,1056,1075,1054,1050,1057,210,1051,1073,249,394,1018,1074,102],"_links":{"self":[{"href":"https:\/\/bisbalpenedes.com\/web\/wp-json\/wp\/v2\/posts\/3990"}],"collection":[{"href":"https:\/\/bisbalpenedes.com\/web\/wp-json\/wp\/v2\/posts"}],"about":[{"href":"https:\/\/bisbalpenedes.com\/web\/wp-json\/wp\/v2\/types\/post"}],"author":[{"embeddable":true,"href":"https:\/\/bisbalpenedes.com\/web\/wp-json\/wp\/v2\/users\/4"}],"replies":[{"embeddable":true,"href":"https:\/\/bisbalpenedes.com\/web\/wp-json\/wp\/v2\/comments?post=3990"}],"version-history":[{"count":2,"href":"https:\/\/bisbalpenedes.com\/web\/wp-json\/wp\/v2\/posts\/3990\/revisions"}],"predecessor-version":[{"id":3993,"href":"https:\/\/bisbalpenedes.com\/web\/wp-json\/wp\/v2\/posts\/3990\/revisions\/3993"}],"wp:featuredmedia":[{"embeddable":true,"href":"https:\/\/bisbalpenedes.com\/web\/wp-json\/wp\/v2\/media\/3991"}],"wp:attachment":[{"href":"https:\/\/bisbalpenedes.com\/web\/wp-json\/wp\/v2\/media?parent=3990"}],"wp:term":[{"taxonomy":"category","embeddable":true,"href":"https:\/\/bisbalpenedes.com\/web\/wp-json\/wp\/v2\/categories?post=3990"},{"taxonomy":"post_tag","embeddable":true,"href":"https:\/\/bisbalpenedes.com\/web\/wp-json\/wp\/v2\/tags?post=3990"}],"curies":[{"name":"wp","href":"https:\/\/api.w.org\/{rel}","templated":true}]}}