{"id":3974,"date":"2017-11-30T00:56:14","date_gmt":"2017-11-29T23:56:14","guid":{"rendered":"http:\/\/bisbalpenedes.com\/web\/?p=3974"},"modified":"2017-12-14T01:00:08","modified_gmt":"2017-12-14T00:00:08","slug":"el-cmc-acull-durant-tres-mesos-activitats-formatives-destinades-a-persones-designades-per-serveis-socials-del-consell-comarcal","status":"publish","type":"post","link":"https:\/\/bisbalpenedes.com\/web\/2017\/11\/30\/el-cmc-acull-durant-tres-mesos-activitats-formatives-destinades-a-persones-designades-per-serveis-socials-del-consell-comarcal\/","title":{"rendered":"El CMC acull durant tres mesos activitats formatives destinades a persones designades per serveis socials del Consell Comarcal"},"content":{"rendered":"<p><a href=\"http:\/\/bisbalpenedes.com\/web\/wp-content\/uploads\/2017\/12\/CONVENI-UGT-3.jpg\"><img loading=\"lazy\" class=\"aligncenter size-medium wp-image-3975\" src=\"http:\/\/bisbalpenedes.com\/web\/wp-content\/uploads\/2017\/12\/CONVENI-UGT-3-300x225.jpg\" alt=\"signatura conveni ugt\" width=\"300\" height=\"225\" srcset=\"https:\/\/bisbalpenedes.com\/web\/wp-content\/uploads\/2017\/12\/CONVENI-UGT-3-300x225.jpg 300w, https:\/\/bisbalpenedes.com\/web\/wp-content\/uploads\/2017\/12\/CONVENI-UGT-3-600x450.jpg 600w, https:\/\/bisbalpenedes.com\/web\/wp-content\/uploads\/2017\/12\/CONVENI-UGT-3-768x576.jpg 768w, https:\/\/bisbalpenedes.com\/web\/wp-content\/uploads\/2017\/12\/CONVENI-UGT-3-1024x768.jpg 1024w, https:\/\/bisbalpenedes.com\/web\/wp-content\/uploads\/2017\/12\/CONVENI-UGT-3.jpg 1600w\" sizes=\"(max-width: 300px) 100vw, 300px\" \/><\/a><\/p>\n<p>Som Bisbal i les regidories d\u2019Ocupaci\u00f3 i Serveis Socials, conjuntament amb les treballadores socials del Consell Comarcal del Baix Pened\u00e8s (CCBP) han creat una formaci\u00f3 de 45 hores, dividides en 3 p\u00edndoles formatives de 15 hores cadascuna, que tindran lloc els divendres al mat\u00ed al CMC durant tres mesos, amb grups de cinc persones designades des de serveis socials del CCBP.<\/p>\n<p>Aquesta formaci\u00f3 t\u00e9 en compte les caracter\u00edstiques dels usuaris i usu\u00e0ries de serveis socials i t\u00e9 com a finalitat la millora de les seves expectatives laborals. Aix\u00ed, a banda de la formaci\u00f3, es fa un treball i un pla d\u2019acci\u00f3 laboral personalitzat.<\/p>\n<p>Per poder dur a terme aquesta formaci\u00f3 de forma eficient i professional, la Junta de Govern Local va signar un conveni amb l\u2019empresa de dinamitzaci\u00f3 laboral d\u2019UGT el passat dijous 2 de novembre.<\/p>\n","protected":false},"excerpt":{"rendered":"<p>Som Bisbal i les regidories d\u2019Ocupaci\u00f3 i Serveis Socials, conjuntament amb les treballadores socials del Consell Comarcal del Baix Pened\u00e8s (CCBP) han creat una formaci\u00f3 de 45 hores, dividides en &hellip; <a href=\"https:\/\/bisbalpenedes.com\/web\/2017\/11\/30\/el-cmc-acull-durant-tres-mesos-activitats-formatives-destinades-a-persones-designades-per-serveis-socials-del-consell-comarcal\/\" class=\"more-link\">Read More<\/a><\/p>\n","protected":false},"author":4,"featured_media":3975,"comment_status":"closed","ping_status":"closed","sticky":false,"template":"","format":"standard","meta":[],"categories":[9,17],"tags":[1064,1056,12,10,1066,999,1065,271],"_links":{"self":[{"href":"https:\/\/bisbalpenedes.com\/web\/wp-json\/wp\/v2\/posts\/3974"}],"collection":[{"href":"https:\/\/bisbalpenedes.com\/web\/wp-json\/wp\/v2\/posts"}],"about":[{"href":"https:\/\/bisbalpenedes.com\/web\/wp-json\/wp\/v2\/types\/post"}],"author":[{"embeddable":true,"href":"https:\/\/bisbalpenedes.com\/web\/wp-json\/wp\/v2\/users\/4"}],"replies":[{"embeddable":true,"href":"https:\/\/bisbalpenedes.com\/web\/wp-json\/wp\/v2\/comments?post=3974"}],"version-history":[{"count":1,"href":"https:\/\/bisbalpenedes.com\/web\/wp-json\/wp\/v2\/posts\/3974\/revisions"}],"predecessor-version":[{"id":3976,"href":"https:\/\/bisbalpenedes.com\/web\/wp-json\/wp\/v2\/posts\/3974\/revisions\/3976"}],"wp:featuredmedia":[{"embeddable":true,"href":"https:\/\/bisbalpenedes.com\/web\/wp-json\/wp\/v2\/media\/3975"}],"wp:attachment":[{"href":"https:\/\/bisbalpenedes.com\/web\/wp-json\/wp\/v2\/media?parent=3974"}],"wp:term":[{"taxonomy":"category","embeddable":true,"href":"https:\/\/bisbalpenedes.com\/web\/wp-json\/wp\/v2\/categories?post=3974"},{"taxonomy":"post_tag","embeddable":true,"href":"https:\/\/bisbalpenedes.com\/web\/wp-json\/wp\/v2\/tags?post=3974"}],"curies":[{"name":"wp","href":"https:\/\/api.w.org\/{rel}","templated":true}]}}