{"id":3971,"date":"2017-12-14T10:53:06","date_gmt":"2017-12-14T09:53:06","guid":{"rendered":"http:\/\/bisbalpenedes.com\/web\/?p=3971"},"modified":"2017-12-19T17:44:52","modified_gmt":"2017-12-19T16:44:52","slug":"el-dissabte-23-de-desembre-a-les-19h-podeu-veure-sabates-grosses-al-cmc","status":"publish","type":"post","link":"https:\/\/bisbalpenedes.com\/web\/2017\/12\/14\/el-dissabte-23-de-desembre-a-les-19h-podeu-veure-sabates-grosses-al-cmc\/","title":{"rendered":"El dissabte 23 de desembre a les 19h podreu veure &#8216;Sabates Grosses&#8217; al CMC"},"content":{"rendered":"<p><a href=\"http:\/\/bisbalpenedes.com\/web\/wp-content\/uploads\/2017\/12\/cartell_gaudi_des_18.jpg\"><img loading=\"lazy\" class=\"aligncenter size-medium wp-image-3987\" src=\"http:\/\/bisbalpenedes.com\/web\/wp-content\/uploads\/2017\/12\/cartell_gaudi_des_18-216x300.jpg\" alt=\"cartell_gaudi_des_18\" width=\"216\" height=\"300\" srcset=\"https:\/\/bisbalpenedes.com\/web\/wp-content\/uploads\/2017\/12\/cartell_gaudi_des_18-216x300.jpg 216w, https:\/\/bisbalpenedes.com\/web\/wp-content\/uploads\/2017\/12\/cartell_gaudi_des_18-600x834.jpg 600w, https:\/\/bisbalpenedes.com\/web\/wp-content\/uploads\/2017\/12\/cartell_gaudi_des_18.jpg 602w\" sizes=\"(max-width: 216px) 100vw, 216px\" \/><\/a><\/p>\n<p>El proper dissabte 23 de desembre e a les 19h podreu gaudir de la pel\u00b7l\u00edcula &#8216;Sabates Grosses&#8217; a l&#8217;Auditori Salb\u00e0 del Centre Municipal de Cultura de La Bisbal del Pened\u00e8s en el marc del Cicle Gaud\u00ed de cinema catal\u00e0. El preu de l&#8217;entrada ser\u00e0 de 4.50\u20ac per al p\u00fablic general i 3.00\u20ac per aquells que presenteu el carnet de la Biblioteca P\u00fablica de La Bisbal a l&#8217;entrada. La gesti\u00f3 de la taquilla anir\u00e0 a c\u00e0rrec de la Coral Antistiana, que rebr\u00e0 l&#8217;import \u00edntegre de la recaptaci\u00f3. Podreu trobar la venda d&#8217;entrades\u00a030 minuts abans de la projecci\u00f3 al mateix CMC.<\/p>\n<p>&nbsp;<\/p>\n<h2 style=\"text-align: center;\"><strong>Algunes cr\u00edtiques de la pel\u00b7l\u00edcula n&#8217;han dit:\u00a0<\/strong><\/h2>\n<p style=\"text-align: center;\">&#8220;Me record\u00f3 mucho a alguna de las comedias cl\u00e1sicas de los 90 de Ventura Pons pero con un twist mucho m\u00e1s subversivo. Excelente mezcla de humor, sexo, religi\u00f3n, pol\u00edtica e intriga y Barcelona, como siempre, de estrella principal. El di\u00e1logo nacionalista con Escocia es genial. Y Pons es un gran director de actores, est\u00e1n todos espectaculares.&#8221;<\/p>\n<p style=\"text-align: center;\"><strong>Santiago Fouz Hern\u00e1ndez &#8211; Durham University \/UK<\/strong><\/p>\n<p>&nbsp;<\/p>\n<div class=\"testimonial_content_inner\">\n<div class=\"testimonial_text_holder\">\n<div class=\"testimonial_text_inner\">\n<p style=\"text-align: center;\">&#8220;Un vodevil en el que caben todo tipo de personajes disparatados, la independencia escocesa y la catalana&#8221;<\/p>\n<p class=\"testimonial_author\" style=\"text-align: center;\"><strong>Blanca Cia \u2013 El Pa\u00eds<\/strong><\/p>\n<\/div>\n<\/div>\n<\/div>\n<div class=\"testimonial_content_inner\">\n<div class=\"testimonial_text_holder\">\n<div class=\"testimonial_text_inner\">\n<p style=\"text-align: center;\">&#8220;L&#8217;humor d&#8217;aquesta pel\u00b7l\u00edcula, malgrat el seu comprom\u00eds, no fereix, sin\u00f3 que sovint es resol amb amabilitat, mai no s&#8217;arriba a la s\u00e0tira sagnant. &#8230; A la fi, Sabates grosses \u00e9s una com\u00e8dia amable, que no oculta que cerca la complicitat del p\u00fablic per provocar la riallada&#8221;<\/p>\n<p class=\"testimonial_author\" style=\"text-align: center;\"><strong>Gustau Ner\u00edn \u2013 Elnacional.cat<\/strong><\/p>\n<\/div>\n<\/div>\n<\/div>\n<p style=\"text-align: center;\">Escolteu la falca radiof\u00f2nica:\u00a0<a href=\"https:\/\/soundcloud.com\/user-240484202\/el-dissabte-23-de-desembre-es-podreu-veure-sabates-grosses-a-la-bisbal\" target=\"_blank\">https:\/\/soundcloud.com\/user-240484202\/el-dissabte-23-de-desembre-es-podreu-veure-sabates-grosses-a-la-bisbal<\/a><\/p>\n<p style=\"text-align: center;\"><iframe loading=\"lazy\" src=\"https:\/\/www.youtube.com\/embed\/dvVXaWkXMBA\" width=\"560\" height=\"315\" frameborder=\"0\" allowfullscreen=\"allowfullscreen\"><\/iframe><\/p>\n<div class=\"wpb_text_column wpb_content_element \">\n<div class=\"wpb_wrapper\">\n<h4><span style=\"text-decoration: underline;\">FITXA\u00a0T\u00c8CNICA DE LA PEL\u00b7L\u00cdCULA<\/span><\/h4>\n<\/div>\n<\/div>\n<div class=\"wpb_text_column wpb_content_element \">\n<div class=\"wpb_wrapper\">\n<div class=\"wpb_text_column wpb_content_element \">\n<div class=\"wpb_wrapper\">\n<p><i class=\"qode_icon_font_awesome fa fa-chevron-right qode_icon_element\"><\/i>\u00a0Direcci\u00f3:\u00a0<strong>Ventura Pons<\/strong><\/p>\n<p><i class=\"qode_icon_font_awesome fa fa-chevron-right qode_icon_element\"><\/i>\u00a0Gui\u00f3:\u00a0<strong>Ventura Pons<\/strong><\/p>\n<p><i class=\"qode_icon_font_awesome fa fa-chevron-right qode_icon_element\"><\/i>\u00a0M\u00fasica:\u00a0<strong>Joaquim Badia i altres<\/strong><\/p>\n<p><i class=\"qode_icon_font_awesome fa fa-chevron-right qode_icon_element\"><\/i>\u00a0Estrena:\u00a0<strong>Setembre de 2017<\/strong><\/p>\n<p><i class=\"qode_icon_font_awesome fa fa-chevron-right qode_icon_element\"><\/i>\u00a0Durada:\u00a0<strong>92\u00a0min.<\/strong><\/p>\n<p><i class=\"qode_icon_font_awesome fa fa-chevron-right qode_icon_element\"><\/i>\u00a0G\u00e8nere:\u00a0<strong>Com\u00e8dia<\/strong><\/p>\n<p><i class=\"qode_icon_font_awesome fa fa-chevron-right qode_icon_element\"><\/i>\u00a0Versi\u00f3:\u00a0<strong>Original en catal\u00e0<\/strong><\/p>\n<p><i class=\"qode_icon_font_awesome fa fa-chevron-right qode_icon_element\"><\/i>\u00a0Int\u00e8rprets:<\/p>\n<p><strong>Joan Pera, Minnie Marx, Pedro Ruiz, Vicky Pe\u00f1a, Amparo Moreno\u2026<\/strong><\/p>\n<\/div>\n<\/div>\n<\/div>\n<\/div>\n<h4><span style=\"text-decoration: underline;\"><strong>SINOPSI<\/strong><\/span><\/h4>\n<p><strong>Tant per tant, Sabates Grosses!<\/strong><\/p>\n<p>Una com\u00e8dia coral: l\u2019arist\u00f2crata sense un ral de profundes conviccions religioses, la seva filla d\u2019esquerres que li canta les quaranta, la senyorassa amb un passat turbulent, el frare dominic un p\u00e8l bandarra, amic d\u2019una gran cantant cubana, per\u00f2 que no pot fer- s\u2019ho amb una mulata caribenya, amb un fill negre com un carb\u00f3 independentista catal\u00e0. I les dues porteres valencianes amigues que s\u2019ho expliquen tot, l\u2019escocesa filla de l\u2019atracador del tren de Glasgow, amagada darrere tres personalitats, idiomes i un munt de passaports, el seu p\u00e8rfid nebot que la persegueix amb el seu amant, un pe\u00e7a rus, les dues bessones americanes a la recerca de jovenets, la mestressa lesbiana del bar molt de moda, l\u2019ex-agent del Cesid, els serveis secrets espanyols, camuflat en els Mossos d\u2019Esquadra, descobert per un col\u00b7lega valenci\u00e0\u2026<\/p>\n<p>La multiculturalitat de la capital catalana d\u00f3na per molt. Drama o com\u00e8dia?<\/p>\n","protected":false},"excerpt":{"rendered":"<p>El proper dissabte 23 de desembre e a les 19h podreu gaudir de la pel\u00b7l\u00edcula &#8216;Sabates Grosses&#8217; a l&#8217;Auditori Salb\u00e0 del Centre Municipal de Cultura de La Bisbal del Pened\u00e8s &hellip; <a href=\"https:\/\/bisbalpenedes.com\/web\/2017\/12\/14\/el-dissabte-23-de-desembre-a-les-19h-podeu-veure-sabates-grosses-al-cmc\/\" class=\"more-link\">Read More<\/a><\/p>\n","protected":false},"author":4,"featured_media":3987,"comment_status":"closed","ping_status":"closed","sticky":false,"template":"","format":"standard","meta":[],"categories":[13],"tags":[308,226,1072,1062,1063],"_links":{"self":[{"href":"https:\/\/bisbalpenedes.com\/web\/wp-json\/wp\/v2\/posts\/3971"}],"collection":[{"href":"https:\/\/bisbalpenedes.com\/web\/wp-json\/wp\/v2\/posts"}],"about":[{"href":"https:\/\/bisbalpenedes.com\/web\/wp-json\/wp\/v2\/types\/post"}],"author":[{"embeddable":true,"href":"https:\/\/bisbalpenedes.com\/web\/wp-json\/wp\/v2\/users\/4"}],"replies":[{"embeddable":true,"href":"https:\/\/bisbalpenedes.com\/web\/wp-json\/wp\/v2\/comments?post=3971"}],"version-history":[{"count":5,"href":"https:\/\/bisbalpenedes.com\/web\/wp-json\/wp\/v2\/posts\/3971\/revisions"}],"predecessor-version":[{"id":3989,"href":"https:\/\/bisbalpenedes.com\/web\/wp-json\/wp\/v2\/posts\/3971\/revisions\/3989"}],"wp:featuredmedia":[{"embeddable":true,"href":"https:\/\/bisbalpenedes.com\/web\/wp-json\/wp\/v2\/media\/3987"}],"wp:attachment":[{"href":"https:\/\/bisbalpenedes.com\/web\/wp-json\/wp\/v2\/media?parent=3971"}],"wp:term":[{"taxonomy":"category","embeddable":true,"href":"https:\/\/bisbalpenedes.com\/web\/wp-json\/wp\/v2\/categories?post=3971"},{"taxonomy":"post_tag","embeddable":true,"href":"https:\/\/bisbalpenedes.com\/web\/wp-json\/wp\/v2\/tags?post=3971"}],"curies":[{"name":"wp","href":"https:\/\/api.w.org\/{rel}","templated":true}]}}