{"id":3961,"date":"2017-12-13T21:57:58","date_gmt":"2017-12-13T20:57:58","guid":{"rendered":"http:\/\/bisbalpenedes.com\/web\/?p=3961"},"modified":"2017-12-13T21:59:48","modified_gmt":"2017-12-13T20:59:48","slug":"el-proper-dilluns-18-de-desembre-hi-ha-ple-ordinari","status":"publish","type":"post","link":"https:\/\/bisbalpenedes.com\/web\/2017\/12\/13\/el-proper-dilluns-18-de-desembre-hi-ha-ple-ordinari\/","title":{"rendered":"El proper dilluns 18 de desembre hi ha Ple Ordinari"},"content":{"rendered":"<p>El proper dilluns 18 de desembre, a les 19h, hi ha ple ordinari a l&#8217;Ajuntament de La Bisbal del Pened\u00e8s.<\/p>\n<p><strong>ORDRE DEL DIA<\/strong><\/p>\n<ol>\n<li>Aprovaci\u00f3 de l&#8217;acta anterior ordin\u00e0ria del 18 de setembre de 2017, extraordin\u00e0ria urgent del 25 d&#8217;octubre de 2017, extraordin\u00e0ria del 23 de novembre de 2017 i extraordin\u00e0ria de l&#8217;1 de desembre de 2017.<\/li>\n<li>Donar compte de l&#8217;informe de secretaria intervenci\u00f3 per\u00edode mig de pagament tercer trimestre del 2017.<\/li>\n<li>Aprovaci\u00f3 massa salarial 2017<\/li>\n<li>Aprovaci\u00f3 de l&#8217;ordenan\u00e7a reguladora de les bases generals per a l&#8217;atorgament d&#8217;una subvenci\u00f3 sobre la quota l\u00edquida de l&#8217;impost sobre b\u00e9ns immobles.<\/li>\n<li>Aprovaci\u00f3 de l&#8217;ordenan\u00e7a reguladora de les bases generals per a l&#8217;atorgament d&#8217;ajuts econ\u00f2mics, de car\u00e0cter individual, per a la rehabilitaci\u00f3 i neteja de fa\u00e7anes i el tancament de solars.<\/li>\n<li>Modificaci\u00f3 d&#8217;Ordenan\u00e7es Fiscals Reguladores.<\/li>\n<li>Aprovaci\u00f3 del pla estrat\u00e8gic de subvencions 2018.<\/li>\n<li>Aprovaci\u00f3 del conveni amb el Consell Comarcal del Baix Pened\u00e8s Jove Baix Pened\u00e8s: Projecte de dinamitzaci\u00f3 de pol\u00edtiques de joventut al Baix Pened\u00e8s.<\/li>\n<li>Donar compte dels Decrets d&#8217;Alcaldia.<\/li>\n<li>Informaci\u00f3 de gesti\u00f3.<\/li>\n<li>Precs i preguntes.<\/li>\n<\/ol>\n<p>Us recordem que segons el <a href=\"http:\/\/bisbalpenedes.com\/web\/2017\/06\/22\/el-ple-ordinari-del-passat-19-de-juny-va-aprovar-el-primer-rom-de-lajuntament-de-la-bisbal-del-penedes\/\" target=\"_blank\">ROM<\/a> aprovat al Ple de l&#8217;Ajuntament de la Bisbal el passat 19 de juny, la ciutadania pot participar als Plens Ordinaris. Tot seguit us detallem el funcionament d&#8217;aquest sup\u00f2sit:<\/p>\n<p>Totes les persones tenen dret a intervenir en les sessions ordin\u00e0ries del Ple en el punt de l\u2019ordre del dia de \u2018Precs i preguntes\u2019, d\u2019acord amb les prescripcions seg\u00fcents:<\/p>\n<ul>\n<li>El prec o pregunta s\u2019haur\u00e0 de sol\u00b7licitar a l\u2019Alcaldia:\n<ul>\n<li>per escrit i entrar-lo\/a al Registre General com a m\u00e0xim 24 hores abans del Ple Ordinari<\/li>\n<li>Per Twitter a @BisbalPenedes com a m\u00e0xim 24h abans del Ple Ordinari, complint el protocol d\u2019\u00fas de les xarxes socials que aprovem al punt seg\u00fcent de l\u2019ordre del dia. El format ser\u00e0 emprant l\u2019etiqueta #PleBisbalPened\u00e8s, seguit del prec o pregunta<\/li>\n<\/ul>\n<\/li>\n<li>L\u2019assumpte objecte del prec o pregunta haur\u00e0 de ser de compet\u00e8ncia municipal sobre l\u2019acci\u00f3 de govern o estar directament relacionat amb els punts inclosos a l\u2019ordre del dia<\/li>\n<li>Cada ciutad\u00e0\/ana\u00a0 pot formular un\u00a0 prec i una pregunta en un mateix Ple. La longitud m\u00e0xima de cada piulada \u00e9s de 140 car\u00e0cters i no es pot continuar la pregunta en un segon \u2018tweet\u2019.<\/li>\n<li>L\u2019alcaldia podr\u00e0 no respondre si \u00e9s un assumpte sobre el qual l\u2019Ajuntament no t\u00e9 compet\u00e8ncies o si ja s\u2019ha presentat la mateixa pregunta en una altra sessi\u00f3 plen\u00e0ria en els \u00faltims 6 mesos.<\/li>\n<li>L\u2019alcaldia comunicar\u00e0, acabat el termini m\u00e0xim de presentaci\u00f3 de preguntes, a qui vagin dirigides les preguntes o peticions sol\u00b7licitades perqu\u00e8 les pugui respondre<\/li>\n<li>L\u2019Alcaldia llegir\u00e0 la pregunta en veu alta<\/li>\n<li>L\u2019alcaldia o a qui va adre\u00e7ada la pregunta, la respondr\u00e0 en la mateixa sessi\u00f3 del Ple<\/li>\n<li>El p\u00fablic assistent a les sessions no podr\u00e0 efectuar manifestacions de grat o desgrat. Tampoc es podran proferir comentaris que afectin el normal desenvolupament de la sessi\u00f3.<\/li>\n<\/ul>\n<p><a href=\"http:\/\/bisbalpenedes.com\/web\/wp-content\/uploads\/2017\/12\/ordre-del-dia-del-ple.jpg\"><img loading=\"lazy\" class=\"aligncenter wp-image-3963 size-large\" src=\"http:\/\/bisbalpenedes.com\/web\/wp-content\/uploads\/2017\/12\/ordre-del-dia-del-ple-617x1024.jpg\" alt=\"ordre del dia del ple 18-12-17\" width=\"617\" height=\"1024\" srcset=\"https:\/\/bisbalpenedes.com\/web\/wp-content\/uploads\/2017\/12\/ordre-del-dia-del-ple-617x1024.jpg 617w, https:\/\/bisbalpenedes.com\/web\/wp-content\/uploads\/2017\/12\/ordre-del-dia-del-ple-600x996.jpg 600w, https:\/\/bisbalpenedes.com\/web\/wp-content\/uploads\/2017\/12\/ordre-del-dia-del-ple-181x300.jpg 181w, https:\/\/bisbalpenedes.com\/web\/wp-content\/uploads\/2017\/12\/ordre-del-dia-del-ple-768x1275.jpg 768w, https:\/\/bisbalpenedes.com\/web\/wp-content\/uploads\/2017\/12\/ordre-del-dia-del-ple.jpg 1346w\" sizes=\"(max-width: 617px) 100vw, 617px\" \/><\/a><\/p>\n","protected":false},"excerpt":{"rendered":"<p>El proper dilluns 18 de desembre, a les 19h, hi ha ple ordinari a l&#8217;Ajuntament de La Bisbal del Pened\u00e8s. ORDRE DEL DIA Aprovaci\u00f3 de l&#8217;acta anterior ordin\u00e0ria del 18 &hellip; <a href=\"https:\/\/bisbalpenedes.com\/web\/2017\/12\/13\/el-proper-dilluns-18-de-desembre-hi-ha-ple-ordinari\/\" class=\"more-link\">Read More<\/a><\/p>\n","protected":false},"author":4,"featured_media":3879,"comment_status":"closed","ping_status":"closed","sticky":false,"template":"","format":"standard","meta":[],"categories":[8],"tags":[110,1052,1056,1058,1054,978,1050,1057,1051,1049,1055,139,249,1053,479,1018,99],"_links":{"self":[{"href":"https:\/\/bisbalpenedes.com\/web\/wp-json\/wp\/v2\/posts\/3961"}],"collection":[{"href":"https:\/\/bisbalpenedes.com\/web\/wp-json\/wp\/v2\/posts"}],"about":[{"href":"https:\/\/bisbalpenedes.com\/web\/wp-json\/wp\/v2\/types\/post"}],"author":[{"embeddable":true,"href":"https:\/\/bisbalpenedes.com\/web\/wp-json\/wp\/v2\/users\/4"}],"replies":[{"embeddable":true,"href":"https:\/\/bisbalpenedes.com\/web\/wp-json\/wp\/v2\/comments?post=3961"}],"version-history":[{"count":2,"href":"https:\/\/bisbalpenedes.com\/web\/wp-json\/wp\/v2\/posts\/3961\/revisions"}],"predecessor-version":[{"id":3964,"href":"https:\/\/bisbalpenedes.com\/web\/wp-json\/wp\/v2\/posts\/3961\/revisions\/3964"}],"wp:featuredmedia":[{"embeddable":true,"href":"https:\/\/bisbalpenedes.com\/web\/wp-json\/wp\/v2\/media\/3879"}],"wp:attachment":[{"href":"https:\/\/bisbalpenedes.com\/web\/wp-json\/wp\/v2\/media?parent=3961"}],"wp:term":[{"taxonomy":"category","embeddable":true,"href":"https:\/\/bisbalpenedes.com\/web\/wp-json\/wp\/v2\/categories?post=3961"},{"taxonomy":"post_tag","embeddable":true,"href":"https:\/\/bisbalpenedes.com\/web\/wp-json\/wp\/v2\/tags?post=3961"}],"curies":[{"name":"wp","href":"https:\/\/api.w.org\/{rel}","templated":true}]}}