{"id":3916,"date":"2017-12-11T20:27:50","date_gmt":"2017-12-11T19:27:50","guid":{"rendered":"http:\/\/bisbalpenedes.com\/web\/?p=3916"},"modified":"2017-12-11T20:34:08","modified_gmt":"2017-12-11T19:34:08","slug":"el-19-de-desembre-els-alumnes-de-lescola-municipal-de-musica-faran-una-audicio","status":"publish","type":"post","link":"https:\/\/bisbalpenedes.com\/web\/2017\/12\/11\/el-19-de-desembre-els-alumnes-de-lescola-municipal-de-musica-faran-una-audicio\/","title":{"rendered":"El 19 de desembre els alumnes de l&#8217;Escola Municipal de M\u00fasica faran una audici\u00f3"},"content":{"rendered":"<p><a href=\"http:\/\/bisbalpenedes.com\/web\/wp-content\/uploads\/2017\/12\/Cartell-Nadal-2017_18-escola-musica-b.jpg\"><img loading=\"lazy\" class=\"aligncenter size-medium wp-image-3917\" src=\"http:\/\/bisbalpenedes.com\/web\/wp-content\/uploads\/2017\/12\/Cartell-Nadal-2017_18-escola-musica-b-212x300.jpg\" alt=\"Cartell-Nadal-2017_18-escola-musica-b\" width=\"212\" height=\"300\" srcset=\"https:\/\/bisbalpenedes.com\/web\/wp-content\/uploads\/2017\/12\/Cartell-Nadal-2017_18-escola-musica-b-212x300.jpg 212w, https:\/\/bisbalpenedes.com\/web\/wp-content\/uploads\/2017\/12\/Cartell-Nadal-2017_18-escola-musica-b-600x848.jpg 600w, https:\/\/bisbalpenedes.com\/web\/wp-content\/uploads\/2017\/12\/Cartell-Nadal-2017_18-escola-musica-b-768x1086.jpg 768w, https:\/\/bisbalpenedes.com\/web\/wp-content\/uploads\/2017\/12\/Cartell-Nadal-2017_18-escola-musica-b-724x1024.jpg 724w, https:\/\/bisbalpenedes.com\/web\/wp-content\/uploads\/2017\/12\/Cartell-Nadal-2017_18-escola-musica-b.jpg 1169w\" sizes=\"(max-width: 212px) 100vw, 212px\" \/><\/a><\/p>\n<p>Els alumnes de l&#8217;Escola Municipal de M\u00fasica de la Bisbal oferiran l&#8217;audici\u00f3 de Nadal &#8220;Un Nadal musical&#8221; el dia 19 de desembre a les 19h a l&#8217;Auditori Salb\u00e0 (CMC).<\/p>\n<p>La Regidora de Cultura, Judith Vidal, s&#8217;ha mostrat molt satisfeta amb &#8220;l&#8217;Escola i els progressos que estan aconseguint els alumnes&#8221; en el moment d&#8217;anunciar aquesta audici\u00f3. Vidal\u00a0s&#8217;ha mostrat contenta de veure com &#8220;els professors de l&#8217;Escola i la directora, Elisabet Montserrat, viuen els progressos dels alumnes com si fossin propis&#8221;.<\/p>\n","protected":false},"excerpt":{"rendered":"<p>Els alumnes de l&#8217;Escola Municipal de M\u00fasica de la Bisbal oferiran l&#8217;audici\u00f3 de Nadal &#8220;Un Nadal musical&#8221; el dia 19 de desembre a les 19h a l&#8217;Auditori Salb\u00e0 (CMC). La &hellip; <a href=\"https:\/\/bisbalpenedes.com\/web\/2017\/12\/11\/el-19-de-desembre-els-alumnes-de-lescola-municipal-de-musica-faran-una-audicio\/\" class=\"more-link\">Read More<\/a><\/p>\n","protected":false},"author":4,"featured_media":3917,"comment_status":"closed","ping_status":"closed","sticky":false,"template":"","format":"standard","meta":[],"categories":[13],"tags":[1013,1014,72,95],"_links":{"self":[{"href":"https:\/\/bisbalpenedes.com\/web\/wp-json\/wp\/v2\/posts\/3916"}],"collection":[{"href":"https:\/\/bisbalpenedes.com\/web\/wp-json\/wp\/v2\/posts"}],"about":[{"href":"https:\/\/bisbalpenedes.com\/web\/wp-json\/wp\/v2\/types\/post"}],"author":[{"embeddable":true,"href":"https:\/\/bisbalpenedes.com\/web\/wp-json\/wp\/v2\/users\/4"}],"replies":[{"embeddable":true,"href":"https:\/\/bisbalpenedes.com\/web\/wp-json\/wp\/v2\/comments?post=3916"}],"version-history":[{"count":3,"href":"https:\/\/bisbalpenedes.com\/web\/wp-json\/wp\/v2\/posts\/3916\/revisions"}],"predecessor-version":[{"id":3922,"href":"https:\/\/bisbalpenedes.com\/web\/wp-json\/wp\/v2\/posts\/3916\/revisions\/3922"}],"wp:featuredmedia":[{"embeddable":true,"href":"https:\/\/bisbalpenedes.com\/web\/wp-json\/wp\/v2\/media\/3917"}],"wp:attachment":[{"href":"https:\/\/bisbalpenedes.com\/web\/wp-json\/wp\/v2\/media?parent=3916"}],"wp:term":[{"taxonomy":"category","embeddable":true,"href":"https:\/\/bisbalpenedes.com\/web\/wp-json\/wp\/v2\/categories?post=3916"},{"taxonomy":"post_tag","embeddable":true,"href":"https:\/\/bisbalpenedes.com\/web\/wp-json\/wp\/v2\/tags?post=3916"}],"curies":[{"name":"wp","href":"https:\/\/api.w.org\/{rel}","templated":true}]}}