{"id":3841,"date":"2017-11-28T18:12:08","date_gmt":"2017-11-28T17:12:08","guid":{"rendered":"http:\/\/bisbalpenedes.com\/web\/?p=3841"},"modified":"2017-11-28T18:27:59","modified_gmt":"2017-11-28T17:27:59","slug":"aquesta-setmana-es-voten-els-projectes-dels-pressupostos-participatius-de-can-gordei-lesplai-lortigos-i-el-priorat","status":"publish","type":"post","link":"https:\/\/bisbalpenedes.com\/web\/2017\/11\/28\/aquesta-setmana-es-voten-els-projectes-dels-pressupostos-participatius-de-can-gordei-lesplai-lortigos-i-el-priorat\/","title":{"rendered":"Aquesta setmana es voten els projectes dels pressupostos participatius de Can Gordei, L&#8217;Esplai, L&#8217;Ortig\u00f3s i el Priorat"},"content":{"rendered":"<p style=\"text-align: left;\"><span style=\"color: #000000;\">Aquesta setmana tindr\u00e0 lloc la votaci\u00f3 dels projectes en els quals els\u00a0ve\u00efns de Can Gordei, L&#8217;Esplai, L&#8217;Ortig\u00f3s i el Priorat volen invertir en el Pressupost Participatiu 2018.<\/span><\/p>\n<p style=\"text-align: left;\"><span style=\"color: #000000;\">\u00c9s per aix\u00f2 que s&#8217;ha convocat als ve\u00efns a una s\u00e8rie de reunions que tindran lloc en les seg\u00fcents dates, hores i llocs:<\/span><\/p>\n<p style=\"text-align: left; padding-left: 30px;\"><span style=\"color: #000000;\">-Priorat de la Bisbal, local social. Dimecres 29 de novembre a les 17h.<\/span><\/p>\n<p style=\"text-align: left; padding-left: 30px;\"><span style=\"color: #000000;\">-L&#8217;Ortig\u00f3s, Centre Municipal de Cultura. Dimecres 29 de novembre a les 18h.<\/span><\/p>\n<p style=\"text-align: left; padding-left: 30px;\"><span style=\"color: #000000;\">-L&#8217;Esplai, local social. Dijous 30 de novembre a les 17h.<\/span><\/p>\n<p style=\"text-align: left; padding-left: 30px;\"><span style=\"color: #000000;\">-Can Gordei, local social. Dijous 30 de novembre a les 18h.<\/span><\/p>\n<p style=\"text-align: left;\"><a href=\"http:\/\/bisbalpenedes.com\/web\/wp-content\/uploads\/2017\/11\/pressu_parti_3prioorat.jpg\"><br \/>\n<\/a><a href=\"http:\/\/bisbalpenedes.com\/web\/wp-content\/uploads\/2017\/11\/pressu_parti_3prioorat.jpg\"><img loading=\"lazy\" class=\"alignleft size-medium wp-image-3842\" src=\"http:\/\/bisbalpenedes.com\/web\/wp-content\/uploads\/2017\/11\/pressu_parti_3prioorat-215x300.jpg\" alt=\"pressu_parti_3prioorat\" width=\"215\" height=\"300\" srcset=\"https:\/\/bisbalpenedes.com\/web\/wp-content\/uploads\/2017\/11\/pressu_parti_3prioorat-215x300.jpg 215w, https:\/\/bisbalpenedes.com\/web\/wp-content\/uploads\/2017\/11\/pressu_parti_3prioorat-600x837.jpg 600w, https:\/\/bisbalpenedes.com\/web\/wp-content\/uploads\/2017\/11\/pressu_parti_3prioorat-768x1071.jpg 768w, https:\/\/bisbalpenedes.com\/web\/wp-content\/uploads\/2017\/11\/pressu_parti_3prioorat-734x1024.jpg 734w, https:\/\/bisbalpenedes.com\/web\/wp-content\/uploads\/2017\/11\/pressu_parti_3prioorat.jpg 889w\" sizes=\"(max-width: 215px) 100vw, 215px\" \/><\/a><a href=\"http:\/\/bisbalpenedes.com\/web\/wp-content\/uploads\/2017\/11\/pressu_parti_3_ortigos.jpg\"><img loading=\"lazy\" class=\"aligncenter size-medium wp-image-3843\" src=\"http:\/\/bisbalpenedes.com\/web\/wp-content\/uploads\/2017\/11\/pressu_parti_3_ortigos-215x300.jpg\" alt=\"pressu_parti_3_ortigos\" width=\"215\" height=\"300\" srcset=\"https:\/\/bisbalpenedes.com\/web\/wp-content\/uploads\/2017\/11\/pressu_parti_3_ortigos-215x300.jpg 215w, https:\/\/bisbalpenedes.com\/web\/wp-content\/uploads\/2017\/11\/pressu_parti_3_ortigos-600x837.jpg 600w, https:\/\/bisbalpenedes.com\/web\/wp-content\/uploads\/2017\/11\/pressu_parti_3_ortigos-768x1071.jpg 768w, https:\/\/bisbalpenedes.com\/web\/wp-content\/uploads\/2017\/11\/pressu_parti_3_ortigos-734x1024.jpg 734w, https:\/\/bisbalpenedes.com\/web\/wp-content\/uploads\/2017\/11\/pressu_parti_3_ortigos.jpg 889w\" sizes=\"(max-width: 215px) 100vw, 215px\" \/><\/a><\/p>\n<p style=\"text-align: left;\"><a href=\"http:\/\/bisbalpenedes.com\/web\/wp-content\/uploads\/2017\/11\/pressu_parti_3_esplai.jpg\"><img loading=\"lazy\" class=\"alignleft size-medium wp-image-3844\" src=\"http:\/\/bisbalpenedes.com\/web\/wp-content\/uploads\/2017\/11\/pressu_parti_3_esplai-215x300.jpg\" alt=\"pressu_parti_3_esplai\" width=\"215\" height=\"300\" srcset=\"https:\/\/bisbalpenedes.com\/web\/wp-content\/uploads\/2017\/11\/pressu_parti_3_esplai-215x300.jpg 215w, https:\/\/bisbalpenedes.com\/web\/wp-content\/uploads\/2017\/11\/pressu_parti_3_esplai-600x837.jpg 600w, https:\/\/bisbalpenedes.com\/web\/wp-content\/uploads\/2017\/11\/pressu_parti_3_esplai-768x1071.jpg 768w, https:\/\/bisbalpenedes.com\/web\/wp-content\/uploads\/2017\/11\/pressu_parti_3_esplai-734x1024.jpg 734w, https:\/\/bisbalpenedes.com\/web\/wp-content\/uploads\/2017\/11\/pressu_parti_3_esplai.jpg 889w\" sizes=\"(max-width: 215px) 100vw, 215px\" \/><\/a><a href=\"http:\/\/bisbalpenedes.com\/web\/wp-content\/uploads\/2017\/11\/pressu_parti_gordei.jpg\"><img loading=\"lazy\" class=\"aligncenter size-medium wp-image-3845\" src=\"http:\/\/bisbalpenedes.com\/web\/wp-content\/uploads\/2017\/11\/pressu_parti_gordei-215x300.jpg\" alt=\"pressu_parti_gordei\" width=\"215\" height=\"300\" srcset=\"https:\/\/bisbalpenedes.com\/web\/wp-content\/uploads\/2017\/11\/pressu_parti_gordei-215x300.jpg 215w, https:\/\/bisbalpenedes.com\/web\/wp-content\/uploads\/2017\/11\/pressu_parti_gordei-600x837.jpg 600w, https:\/\/bisbalpenedes.com\/web\/wp-content\/uploads\/2017\/11\/pressu_parti_gordei-768x1071.jpg 768w, https:\/\/bisbalpenedes.com\/web\/wp-content\/uploads\/2017\/11\/pressu_parti_gordei-734x1024.jpg 734w, https:\/\/bisbalpenedes.com\/web\/wp-content\/uploads\/2017\/11\/pressu_parti_gordei.jpg 889w\" sizes=\"(max-width: 215px) 100vw, 215px\" \/><\/a><\/p>\n","protected":false},"excerpt":{"rendered":"<p>Aquesta setmana tindr\u00e0 lloc la votaci\u00f3 dels projectes en els quals els\u00a0ve\u00efns de Can Gordei, L&#8217;Esplai, L&#8217;Ortig\u00f3s i el Priorat volen invertir en el Pressupost Participatiu 2018. \u00c9s per aix\u00f2 &hellip; <a href=\"https:\/\/bisbalpenedes.com\/web\/2017\/11\/28\/aquesta-setmana-es-voten-els-projectes-dels-pressupostos-participatius-de-can-gordei-lesplai-lortigos-i-el-priorat\/\" class=\"more-link\">Read More<\/a><\/p>\n","protected":false},"author":4,"featured_media":3843,"comment_status":"closed","ping_status":"closed","sticky":false,"template":"","format":"standard","meta":[],"categories":[4],"tags":[198,276,604,981,980,424,982,397],"_links":{"self":[{"href":"https:\/\/bisbalpenedes.com\/web\/wp-json\/wp\/v2\/posts\/3841"}],"collection":[{"href":"https:\/\/bisbalpenedes.com\/web\/wp-json\/wp\/v2\/posts"}],"about":[{"href":"https:\/\/bisbalpenedes.com\/web\/wp-json\/wp\/v2\/types\/post"}],"author":[{"embeddable":true,"href":"https:\/\/bisbalpenedes.com\/web\/wp-json\/wp\/v2\/users\/4"}],"replies":[{"embeddable":true,"href":"https:\/\/bisbalpenedes.com\/web\/wp-json\/wp\/v2\/comments?post=3841"}],"version-history":[{"count":4,"href":"https:\/\/bisbalpenedes.com\/web\/wp-json\/wp\/v2\/posts\/3841\/revisions"}],"predecessor-version":[{"id":3849,"href":"https:\/\/bisbalpenedes.com\/web\/wp-json\/wp\/v2\/posts\/3841\/revisions\/3849"}],"wp:featuredmedia":[{"embeddable":true,"href":"https:\/\/bisbalpenedes.com\/web\/wp-json\/wp\/v2\/media\/3843"}],"wp:attachment":[{"href":"https:\/\/bisbalpenedes.com\/web\/wp-json\/wp\/v2\/media?parent=3841"}],"wp:term":[{"taxonomy":"category","embeddable":true,"href":"https:\/\/bisbalpenedes.com\/web\/wp-json\/wp\/v2\/categories?post=3841"},{"taxonomy":"post_tag","embeddable":true,"href":"https:\/\/bisbalpenedes.com\/web\/wp-json\/wp\/v2\/tags?post=3841"}],"curies":[{"name":"wp","href":"https:\/\/api.w.org\/{rel}","templated":true}]}}