{"id":3834,"date":"2017-11-28T17:24:37","date_gmt":"2017-11-28T16:24:37","guid":{"rendered":"http:\/\/bisbalpenedes.com\/web\/?p=3834"},"modified":"2017-11-28T17:24:37","modified_gmt":"2017-11-28T16:24:37","slug":"aquest-divendres-dia-1-de-desembre-hi-ha-ple-extraordinari-a-lajuntament-de-la-bisbal","status":"publish","type":"post","link":"https:\/\/bisbalpenedes.com\/web\/2017\/11\/28\/aquest-divendres-dia-1-de-desembre-hi-ha-ple-extraordinari-a-lajuntament-de-la-bisbal\/","title":{"rendered":"Aquest divendres dia 1 de desembre hi ha ple extraordinari a l&#8217;Ajuntament de La Bisbal"},"content":{"rendered":"<p>Divendres 1 de desembre a les 14h tindr\u00e0 lloc una sessi\u00f3 extraordin\u00e0ria del Ple de l&#8217;Ajuntament de La Bisbal del Pened\u00e8s per tractar els seg\u00fcents assumptes:<\/p>\n<p><strong>ORDRE DEL DIA<\/strong><\/p>\n<ol>\n<li>Aaprovaci\u00f3 Pressupost General 2018, plantilla personal funcionari i laboral i bases d&#8217;execuci\u00f3 del pressupost. Expedient n\u00fam. 1245\/2017.<\/li>\n<li>Donar compte informe intervenci\u00f3 d&#8217;estabilitat pressupost\u00e0ria. Expedient n\u00fam. 1245\/2017<\/li>\n<\/ol>\n","protected":false},"excerpt":{"rendered":"<p>Divendres 1 de desembre a les 14h tindr\u00e0 lloc una sessi\u00f3 extraordin\u00e0ria del Ple de l&#8217;Ajuntament de La Bisbal del Pened\u00e8s per tractar els seg\u00fcents assumptes: ORDRE DEL DIA Aaprovaci\u00f3 &hellip; <a href=\"https:\/\/bisbalpenedes.com\/web\/2017\/11\/28\/aquest-divendres-dia-1-de-desembre-hi-ha-ple-extraordinari-a-lajuntament-de-la-bisbal\/\" class=\"more-link\">Read More<\/a><\/p>\n","protected":false},"author":4,"featured_media":3826,"comment_status":"closed","ping_status":"closed","sticky":false,"template":"","format":"standard","meta":[],"categories":[4],"tags":[881,242,139],"_links":{"self":[{"href":"https:\/\/bisbalpenedes.com\/web\/wp-json\/wp\/v2\/posts\/3834"}],"collection":[{"href":"https:\/\/bisbalpenedes.com\/web\/wp-json\/wp\/v2\/posts"}],"about":[{"href":"https:\/\/bisbalpenedes.com\/web\/wp-json\/wp\/v2\/types\/post"}],"author":[{"embeddable":true,"href":"https:\/\/bisbalpenedes.com\/web\/wp-json\/wp\/v2\/users\/4"}],"replies":[{"embeddable":true,"href":"https:\/\/bisbalpenedes.com\/web\/wp-json\/wp\/v2\/comments?post=3834"}],"version-history":[{"count":1,"href":"https:\/\/bisbalpenedes.com\/web\/wp-json\/wp\/v2\/posts\/3834\/revisions"}],"predecessor-version":[{"id":3835,"href":"https:\/\/bisbalpenedes.com\/web\/wp-json\/wp\/v2\/posts\/3834\/revisions\/3835"}],"wp:featuredmedia":[{"embeddable":true,"href":"https:\/\/bisbalpenedes.com\/web\/wp-json\/wp\/v2\/media\/3826"}],"wp:attachment":[{"href":"https:\/\/bisbalpenedes.com\/web\/wp-json\/wp\/v2\/media?parent=3834"}],"wp:term":[{"taxonomy":"category","embeddable":true,"href":"https:\/\/bisbalpenedes.com\/web\/wp-json\/wp\/v2\/categories?post=3834"},{"taxonomy":"post_tag","embeddable":true,"href":"https:\/\/bisbalpenedes.com\/web\/wp-json\/wp\/v2\/tags?post=3834"}],"curies":[{"name":"wp","href":"https:\/\/api.w.org\/{rel}","templated":true}]}}