{"id":3832,"date":"2017-11-27T18:42:46","date_gmt":"2017-11-27T17:42:46","guid":{"rendered":"http:\/\/bisbalpenedes.com\/web\/?p=3832"},"modified":"2018-07-02T11:10:22","modified_gmt":"2018-07-02T10:10:22","slug":"lajuntament-de-la-bisbal-i-el-som-del-municipi-busquen-un-dinamitzador-juvenil","status":"publish","type":"post","link":"https:\/\/bisbalpenedes.com\/web\/2017\/11\/27\/lajuntament-de-la-bisbal-i-el-som-del-municipi-busquen-un-dinamitzador-juvenil\/","title":{"rendered":"L&#8217;Ajuntament de la Bisbal i el SOM del municipi busquen un dinamitzador juvenil"},"content":{"rendered":"<p>L\u2019Ajuntament de La Bisbal del Pened\u00e8s i el SOM de la Bisbal busquen un\/a dinamitzador\/a juvenil que es contractar\u00e0 a trav\u00e9s del Programa de joves en pr\u00e0ctiques de Garantia Juvenil, una subvenci\u00f3 que atorga la Generalitat, a trav\u00e9s del SOC, i amb la qual es pot contractar un jove d\u2019entre 16 i 29 anys, amb titulaci\u00f3 reglada, amb la finalitat que pugui adquirir experi\u00e8ncia laboral del seu sector professional.<\/p>\n<p>Els requisits per formar part d\u2019aquest programa, s\u00f3n:<\/p>\n<p style=\"padding-left: 30px;\">-Tenir entre 16 i 29 anys.<\/p>\n<p style=\"padding-left: 30px;\">-Estar apuntat al Programa de Joves de Garantia Juvenil<\/p>\n<p style=\"padding-left: 30px;\">-Tenir una titulaci\u00f3 d\u2019Integrador Social, Dinamitzador Sociocultural o qualsevol grau social.<\/p>\n<p>L\u2019objectiu d\u2019aquesta subvenci\u00f3 que s\u2019atorga als municipis \u00e9s incentivar la contractaci\u00f3 laboral en pr\u00e0ctiques de joves amb formaci\u00f3, beneficiaris del Programa de Garantia Juvenil a Catalunya, per tal de millorar la seva ocupabilitat amb l\u2019adquisici\u00f3 de les aptituds i les compet\u00e8ncies derivades de la pr\u00e0ctica laboral, de manera que sigui possible la seva incorporaci\u00f3 al mercat laboral de forma estable i duradora en el temps.<\/p>\n<p>El contracte de treball en practiques tindr\u00e0 una durada de 6 mesos a jornada completa. Aquest contracte haur\u00e0 de finalitzar, com a m\u00e0xim el 30 de maig de 2018 (incl\u00f2s).<\/p>\n<p>Per a m\u00e9s informaci\u00f3 i per poder optar a aquesta pla\u00e7a cal que els candidats es dirigeixin a l\u2019Oficina de Treball del Vendrell, al Cam\u00ed Reial, 17-19 baixos, tel\u00e8fon 977 66 79 22.<\/p>\n<div id='gallery-1' class='gallery galleryid-3832 gallery-columns-4 gallery-size-full'><figure class='gallery-item'>\n\t\t\t<div class='gallery-icon landscape'>\n\t\t\t\t<a href='https:\/\/bisbalpenedes.com\/web\/wp-content\/uploads\/2017\/11\/LOGO-SOC-1-e1530526013220.png'><img width=\"136\" height=\"39\" src=\"https:\/\/bisbalpenedes.com\/web\/wp-content\/uploads\/2017\/11\/LOGO-SOC-1-e1530526013220.png\" class=\"attachment-full size-full\" alt=\"\" loading=\"lazy\" \/><\/a>\n\t\t\t<\/div><\/figure><figure class='gallery-item'>\n\t\t\t<div class='gallery-icon landscape'>\n\t\t\t\t<a href='https:\/\/bisbalpenedes.com\/web\/wp-content\/uploads\/2017\/11\/LOGO-GENCAT.png'><img width=\"144\" height=\"38\" src=\"https:\/\/bisbalpenedes.com\/web\/wp-content\/uploads\/2017\/11\/LOGO-GENCAT.png\" class=\"attachment-full size-full\" alt=\"\" loading=\"lazy\" \/><\/a>\n\t\t\t<\/div><\/figure><figure class='gallery-item'>\n\t\t\t<div class='gallery-icon landscape'>\n\t\t\t\t<a href='https:\/\/bisbalpenedes.com\/web\/wp-content\/uploads\/2017\/11\/LOGO-MINISTERIO-EMPLEO-I-SEGURIDAD-SOCIAL.png'><img width=\"157\" height=\"46\" src=\"https:\/\/bisbalpenedes.com\/web\/wp-content\/uploads\/2017\/11\/LOGO-MINISTERIO-EMPLEO-I-SEGURIDAD-SOCIAL.png\" class=\"attachment-full size-full\" alt=\"\" loading=\"lazy\" \/><\/a>\n\t\t\t<\/div><\/figure><figure class='gallery-item'>\n\t\t\t<div class='gallery-icon landscape'>\n\t\t\t\t<a href='https:\/\/bisbalpenedes.com\/web\/wp-content\/uploads\/2017\/11\/LOGO-FONS-SOCIAL-EUROPEU.png'><img width=\"137\" height=\"52\" src=\"https:\/\/bisbalpenedes.com\/web\/wp-content\/uploads\/2017\/11\/LOGO-FONS-SOCIAL-EUROPEU.png\" class=\"attachment-full size-full\" alt=\"\" loading=\"lazy\" \/><\/a>\n\t\t\t<\/div><\/figure>\n\t\t<\/div>\n\n<p>&nbsp;<\/p>\n","protected":false},"excerpt":{"rendered":"<p>L\u2019Ajuntament de La Bisbal del Pened\u00e8s i el SOM de la Bisbal busquen un\/a dinamitzador\/a juvenil que es contractar\u00e0 a trav\u00e9s del Programa de joves en pr\u00e0ctiques de Garantia Juvenil, &hellip; <a href=\"https:\/\/bisbalpenedes.com\/web\/2017\/11\/27\/lajuntament-de-la-bisbal-i-el-som-del-municipi-busquen-un-dinamitzador-juvenil\/\" class=\"more-link\">Read More<\/a><\/p>\n","protected":false},"author":4,"featured_media":1415,"comment_status":"closed","ping_status":"closed","sticky":false,"template":"","format":"standard","meta":[],"categories":[4,9],"tags":[974,973,41,848,972,271],"_links":{"self":[{"href":"https:\/\/bisbalpenedes.com\/web\/wp-json\/wp\/v2\/posts\/3832"}],"collection":[{"href":"https:\/\/bisbalpenedes.com\/web\/wp-json\/wp\/v2\/posts"}],"about":[{"href":"https:\/\/bisbalpenedes.com\/web\/wp-json\/wp\/v2\/types\/post"}],"author":[{"embeddable":true,"href":"https:\/\/bisbalpenedes.com\/web\/wp-json\/wp\/v2\/users\/4"}],"replies":[{"embeddable":true,"href":"https:\/\/bisbalpenedes.com\/web\/wp-json\/wp\/v2\/comments?post=3832"}],"version-history":[{"count":5,"href":"https:\/\/bisbalpenedes.com\/web\/wp-json\/wp\/v2\/posts\/3832\/revisions"}],"predecessor-version":[{"id":6263,"href":"https:\/\/bisbalpenedes.com\/web\/wp-json\/wp\/v2\/posts\/3832\/revisions\/6263"}],"wp:featuredmedia":[{"embeddable":true,"href":"https:\/\/bisbalpenedes.com\/web\/wp-json\/wp\/v2\/media\/1415"}],"wp:attachment":[{"href":"https:\/\/bisbalpenedes.com\/web\/wp-json\/wp\/v2\/media?parent=3832"}],"wp:term":[{"taxonomy":"category","embeddable":true,"href":"https:\/\/bisbalpenedes.com\/web\/wp-json\/wp\/v2\/categories?post=3832"},{"taxonomy":"post_tag","embeddable":true,"href":"https:\/\/bisbalpenedes.com\/web\/wp-json\/wp\/v2\/tags?post=3832"}],"curies":[{"name":"wp","href":"https:\/\/api.w.org\/{rel}","templated":true}]}}