{"id":3825,"date":"2017-11-23T23:27:28","date_gmt":"2017-11-23T22:27:28","guid":{"rendered":"http:\/\/bisbalpenedes.com\/web\/?p=3825"},"modified":"2017-11-24T15:58:14","modified_gmt":"2017-11-24T14:58:14","slug":"acords-del-ple-extraordinari-del-23-de-novembre-de-2017","status":"publish","type":"post","link":"https:\/\/bisbalpenedes.com\/web\/2017\/11\/23\/acords-del-ple-extraordinari-del-23-de-novembre-de-2017\/","title":{"rendered":"Acords del Ple Extraordinari del 23 de novembre de 2017"},"content":{"rendered":"<p><iframe loading=\"lazy\" src=\"https:\/\/www.youtube.com\/embed\/kyBhcf2sUB4\" width=\"560\" height=\"315\" frameborder=\"0\" allowfullscreen=\"allowfullscreen\"><\/iframe><br \/>\nAquest dijous 23 de novembre de 2017 s\u2019ha celebrat una sessi\u00f3 extraordin\u00e0ria del Ple de l\u2019Ajuntament de La Bisbal amb els punts que, tot seguit, es detallen.<\/p>\n<p>Val a dir que s\u2019ha absentat un regidor del PDeCAT, Pere Saumoy.<\/p>\n<p>PUNTS DE L\u2019ORDRE DEL DIA QUE S\u2019HAN TRACTAT:<\/p>\n<p><strong>1.- Presa de coneixement ren\u00fancia regidor Sr. Jos\u00e9 Fern\u00e1ndez Rodrigo d\u2019Esquerra Republicana de Catalunya acord municipal (ERC-AM). <\/strong><\/p>\n<p><strong>Es d\u00f3na compte<\/strong> de la ren\u00fancia a l\u2019acta de regidor per part de Jos\u00e9 Fern\u00e1ndez Rodrigo i tamb\u00e9 la ren\u00fancia de qui l\u2019havia de substituir, el primer suplent de la llista d\u2019ERC-AM, H\u00e9ctor Yokota Tejedor.<\/p>\n<p>El resultat de les eleccions municipals de 2015 va donar 5 regidors a ERC (788 vots), 5 regidors a CIU (726 vots) i 1 regidor pel PSC (189 vots). Abans de la presa de possessi\u00f3 del nou consistori el 13 de juny de 2015, es va fer p\u00fablic el pacte de govern entre CIU i PSC.<\/p>\n<p>Abans del 13 de juny de 2015 van presentar ren\u00fancia a la Junta Electoral quatre candidats d\u2019ERC: Josep Maria Puigibet i Mestre, Montserrat \u00a0Mestre i Ferrerons, Eusebio Mart\u00ednez L\u00f3pez i Jos\u00e9 Fern\u00e1ndez Merlo. Per tant, van prendre possessi\u00f3 del c\u00e0rrec de regidors els n\u00fameros 2, 4, 5, 6 i 9 de la llista: Joaquin Rivas Piqueras, M\u00f3nica P\u00e9rez Garrido, Pilar Verd\u00fan Vives, Juana Reina Torres i Yolanda Tienda S\u00e1nchez.<\/p>\n<p>El mar\u00e7 de 2016 la regidora d\u2019ERC Yolanda Tienda va presentar la seva ren\u00fancia i tamb\u00e9 va renunciar la persona que l\u2019havia de substituir, Maria Roc\u00edo Rivas Criado, que tenia el n\u00famero 10 a la llista. El 13 de maig\u00a0 de 2016 va entrar com a nou regidor Jos\u00e9 Fern\u00e1ndez Rodrigo, l\u2019\u00faltim candidat de la llista d\u2019ERC, del que ara es d\u00f3na compte de la seva ren\u00fancia com a regidor i tamb\u00e9 de la ren\u00fancia del primer suplent.<\/p>\n<p>Quan arribi la credencial de la Junta Electoral prendr\u00e0 possessi\u00f3 com a regidora la segona suplent de la llista, Margarita Barber\u00e0 Cuesta. En el moment que prengui possessi\u00f3 del c\u00e0rrec, nom\u00e9s quedaran dos suplents per ocupar qualsevol altra ren\u00fancia.<\/p>\n<p>&nbsp;<\/p>\n<p><strong>2.- Aprovaci\u00f3 del conveni de col\u00b7laboraci\u00f3 per a l\u2019enc\u00e0rrec de gesti\u00f3 de la licitaci\u00f3 agregada del servei d\u2019implantaci\u00f3 i posada en funcionament d\u2019una plataforma destinada a la gesti\u00f3 per mitjans electr\u00f2nics de l\u2019activitat i procediment administratiu de diversos ajuntaments de la comarca del Baix Pened\u00e8s.\u00a0\u00a0\u00a0\u00a0\u00a0\u00a0\u00a0\u00a0\u00a0\u00a0 <\/strong><\/p>\n<p>Amb l\u2019aprovaci\u00f3 d\u2019aquest conveni l\u2019Ajuntament de la Bisbal encarrega al Consell Comarcal del Baix Pened\u00e8s, juntament amb set municipis m\u00e9s de la comarca, la gesti\u00f3 de la licitaci\u00f3 conjunta de la plataforma destinada a la gesti\u00f3 per mitjans electr\u00f2nics de l\u2019activitat i el procediment administratiu. Realitzant el procediment de compra centralitzada a trav\u00e9s d\u2019aquest conveni amb el Consell Comarcal, l\u2019Ajuntament podr\u00e0 obtenir un estalvi econ\u00f2mic i de procediments.<\/p>\n<p>El Consell Comarcal t\u00e9 com a compet\u00e8ncia l\u2019assist\u00e8ncia i cooperaci\u00f3 jur\u00eddica, econ\u00f2mica i t\u00e8cnica als municipis, amb la finalitat d\u2019assegurar la prestaci\u00f3 integral i adequada pels municipis de la comarca.<\/p>\n<p><strong>S\u2019APROVA AMB ELS VOTS A FAVOR DEL PDECAT (4) I PSC (1) I L\u2019ABSTENCI\u00d3 D\u2019ERC (4)<\/strong><\/p>\n<p>&nbsp;<\/p>\n<p><strong>3.- Nomenament dels membres de les meses electorals per a les eleccions de la Generalitat de Catalunya del 21\/12\/2017.<\/strong><\/p>\n<p>&nbsp;<\/p>\n<p><strong>4.- Aprovaci\u00f3 de l\u2019adhesi\u00f3 al pacte d\u2019alcaldes\/alcaldesses pel clima i l\u2019energia<\/strong><\/p>\n<p>La Comissi\u00f3 Europea va posar en marxa l\u2019any 2008 el que va denominar \u201cPacte d\u2019alcaldes\/esses\u201d, una de les iniciatives m\u00e9s ambicioses com a mecanisme de participaci\u00f3 de la ciutadania en la lluita contra l\u2019escalfament de la Terra. M\u00e9s tard, el 2014, davant l\u2019evid\u00e8ncia que el canvi clim\u00e0tic ja era una realitat, la Uni\u00f3 Europea va llan\u00e7ar una nova iniciativa per implicar el m\u00f3n local en l\u2019adaptaci\u00f3 davant del canvi clim\u00e0tic: \u201cAlcaldes per l\u2019adaptaci\u00f3\u201d (Mayors Adapt). El model de funcionament era similar al del \u201cPacte d\u2019alcaldes\/esses\u201d i tornava a ser una iniciativa de relaci\u00f3 directa entre les institucions europees i els ens locals. Finalment, el 15 d\u2019octubre de 2015, la Uni\u00f3 Europea va decidir fer un pas endavant i va aprovar el \u201cPacte d\u2019Alcaldes pel Clima i l\u2019Energia, com a resultat de fusionar les dues iniciatives, el \u201cPacte d\u2019alcaldes\/esses\u201d i \u201cAlcaldes per l\u2019adaptaci\u00f3\u201d.<\/p>\n<p>Aquest pacte renovat fa que les ciutats i pobles que s\u2019hi adhereixin assumeixin el comprom\u00eds d\u2019aconseguir els objectius comunitaris de reducci\u00f3 de les emissions de CO2 mitjan\u00e7ant actuacions d\u2019efici\u00e8ncia energ\u00e8tica, la implantaci\u00f3 d\u2019energies renovables, aix\u00ed com millorar la preparaci\u00f3 dels ens locals per respondre als efectes del canvi clim\u00e0tic.<\/p>\n<p>L\u2019Ajuntament de La Bisbal del Pened\u00e8s t\u00e9 la voluntat d\u2019avan\u00e7ar cap a l\u2019establiment de pol\u00edtiques eficaces amb la finalitat de reduir la contaminaci\u00f3 que ocasiona l\u2019escalfament global mitjan\u00e7ant l\u2019adopci\u00f3 de programes d\u2019efici\u00e8ncia energ\u00e8tica en \u00e0mbits com el del transport urb\u00e0 i l\u2019edificaci\u00f3, a m\u00e9s de la promoci\u00f3 de fonts d\u2019energia renovables en les \u00e0rees urbanes. Concretament, l\u2019Ajuntament fa seves les propostes de la UE\u00a0 en les quals es compromet a reduir les seves emissions de CO2 en un 40% fins\u00a0 a l\u2019any 2030, i redactar un Pla d\u2019Adaptaci\u00f3 al Canvi Clim\u00e0tic. Aix\u00ed, l\u2019Ajuntament de la Bisbal dur\u00e0 a terme diverses accions:<\/p>\n<p>-Creaci\u00f3 d\u2019un inventari base de les emissions<\/p>\n<p>-Avaluaci\u00f3 de les vulnerabilitats i riscos al canvi clim\u00e0tic<\/p>\n<p>-Enviament d\u2019un Pla d\u2019Acci\u00f3 per a l\u2019Energia Sostenible i el Clima (PAESC) en el termini de dos anys des de la data d\u2019adhesi\u00f3<\/p>\n<p>-Enviament d\u2019informes de seguiment (que avalu\u00efn, facin un monitoratge i verifiquin els objectius), com a m\u00ednim cada dos anys des de la data d\u2019enviament del Pla d\u2019Acci\u00f3 per a l\u2019Energia Sostenible i el Clima.<\/p>\n<p>Per poder acomplir el \u201cPacte d\u2019Alcaldes pel Clima i l\u2019Energia\u201d, l\u2019Ajuntament de La Bisbal del Pened\u00e8s comptar\u00e0 amb el programa d\u2019assist\u00e8ncia t\u00e8cnica que ofereix la Diputaci\u00f3 de Tarragona, amb el qual s\u2019elabora de forma conjunta el \u201cPla d\u2019Acci\u00f3 Local per l\u2019Energia Sostenible i el Clima (PAESC).<\/p>\n<p><strong>S\u2019APROVA PER UNANIMITAT <\/strong><\/p>\n<p>&nbsp;<\/p>\n","protected":false},"excerpt":{"rendered":"<p>Aquest dijous 23 de novembre de 2017 s\u2019ha celebrat una sessi\u00f3 extraordin\u00e0ria del Ple de l\u2019Ajuntament de La Bisbal amb els punts que, tot seguit, es detallen. Val a dir &hellip; <a href=\"https:\/\/bisbalpenedes.com\/web\/2017\/11\/23\/acords-del-ple-extraordinari-del-23-de-novembre-de-2017\/\" class=\"more-link\">Read More<\/a><\/p>\n","protected":false},"author":4,"featured_media":3826,"comment_status":"closed","ping_status":"closed","sticky":false,"template":"","format":"standard","meta":[],"categories":[4],"tags":[111,965,963,396,322,120,966,945,967,139,423,969,968,964],"_links":{"self":[{"href":"https:\/\/bisbalpenedes.com\/web\/wp-json\/wp\/v2\/posts\/3825"}],"collection":[{"href":"https:\/\/bisbalpenedes.com\/web\/wp-json\/wp\/v2\/posts"}],"about":[{"href":"https:\/\/bisbalpenedes.com\/web\/wp-json\/wp\/v2\/types\/post"}],"author":[{"embeddable":true,"href":"https:\/\/bisbalpenedes.com\/web\/wp-json\/wp\/v2\/users\/4"}],"replies":[{"embeddable":true,"href":"https:\/\/bisbalpenedes.com\/web\/wp-json\/wp\/v2\/comments?post=3825"}],"version-history":[{"count":3,"href":"https:\/\/bisbalpenedes.com\/web\/wp-json\/wp\/v2\/posts\/3825\/revisions"}],"predecessor-version":[{"id":3829,"href":"https:\/\/bisbalpenedes.com\/web\/wp-json\/wp\/v2\/posts\/3825\/revisions\/3829"}],"wp:featuredmedia":[{"embeddable":true,"href":"https:\/\/bisbalpenedes.com\/web\/wp-json\/wp\/v2\/media\/3826"}],"wp:attachment":[{"href":"https:\/\/bisbalpenedes.com\/web\/wp-json\/wp\/v2\/media?parent=3825"}],"wp:term":[{"taxonomy":"category","embeddable":true,"href":"https:\/\/bisbalpenedes.com\/web\/wp-json\/wp\/v2\/categories?post=3825"},{"taxonomy":"post_tag","embeddable":true,"href":"https:\/\/bisbalpenedes.com\/web\/wp-json\/wp\/v2\/tags?post=3825"}],"curies":[{"name":"wp","href":"https:\/\/api.w.org\/{rel}","templated":true}]}}