{"id":3818,"date":"2017-11-22T21:02:44","date_gmt":"2017-11-22T20:02:44","guid":{"rendered":"http:\/\/bisbalpenedes.com\/web\/?p=3818"},"modified":"2017-11-22T21:02:44","modified_gmt":"2017-11-22T20:02:44","slug":"59-persones-shan-inserit-al-mon-laboral-gracies-al-projecte-dels-serveis-docupacio-en-xarxa-de-la-comarca-del-baix-penedes","status":"publish","type":"post","link":"https:\/\/bisbalpenedes.com\/web\/2017\/11\/22\/59-persones-shan-inserit-al-mon-laboral-gracies-al-projecte-dels-serveis-docupacio-en-xarxa-de-la-comarca-del-baix-penedes\/","title":{"rendered":"59 persones s\u2019han inserit al m\u00f3n laboral gr\u00e0cies al projecte dels serveis d\u2019ocupaci\u00f3 en xarxa de la comarca del Baix Pened\u00e8s"},"content":{"rendered":"<p>&nbsp;<\/p>\n<p>El Servei d\u2019Ocupaci\u00f3 Municipal (SOM) de la Regidoria d\u2019Ocupaci\u00f3 de l\u2019Ajuntament de La Bisbal del Pened\u00e8s treballa conjuntament amb els diversos serveis d\u2019ocupaci\u00f3 del Baix Pened\u00e8s en un projecte que t\u00e9 com a objectiu reduir l\u2019atur a la comarca. El projecte comarcal de treball en xarxa en mat\u00e8ria d\u2019ocupaci\u00f3, que es va presentar el passat mes de juliol, realitza accions conjuntes i uneix diversos municipis amb la finalitat d\u2019agilitzar els processos de selecci\u00f3 amb candidats de la comarca.<\/p>\n<p>Es d\u00f3na el cas que a La Bisbal s\u2019hi estan instal\u00b7lant noves empreses i aix\u00f2 est\u00e0 generant una important oferta de treball. \u00c9s per aix\u00f2 que des del municipi, que ha liderat el proc\u00e9s de selecci\u00f3 per als llocs de feina que s\u2019hi oferien, s\u2019ha treballat de forma ininterrompuda entre els mesos de juliol i setembre en processos de selecci\u00f3, en col\u00b7laboraci\u00f3 amb els SOM i serveis d\u2019assessorament laboral de la comarca, comptant aix\u00ed amb un gran nombre de candidats als llocs de treball disponibles. Durant aquest per\u00edode s\u2019ha fet un proc\u00e9s de selecci\u00f3 amb 173 persones d\u2019arreu de la comarca que han passat \u00a0pel Centre Municipal de Cultura (CMC) de La Bisbal, on s\u2019havien fet arribar els curr\u00edculums (cv) dels candidats.<\/p>\n<p>Un total de 59 persones han estat inserides o s\u2019inseriran properament en les empreses, ja que han passat la prova de selecci\u00f3 que marcava Sinergye, l\u2019empresa de col\u00b7locaci\u00f3 externa que s\u2019ha encarregat de la selecci\u00f3. En total compleixen els requisits el nombre de candidats que es detalla a continuaci\u00f3:<\/p>\n<table>\n<tbody>\n<tr>\n<td width=\"232\"><strong>POBLACI\u00d3<\/strong><\/td>\n<td width=\"144\"><strong>NOMBRE DE PERSONES SELECCIONADES<\/strong><\/td>\n<\/tr>\n<tr>\n<td width=\"232\">L\u2019Arbo\u00e7<\/td>\n<td width=\"144\">1<\/td>\n<\/tr>\n<tr>\n<td width=\"232\">Sant Jaume dels Domenys<\/td>\n<td width=\"144\">1<\/td>\n<\/tr>\n<tr>\n<td width=\"232\">Albinyana<\/td>\n<td width=\"144\">6<\/td>\n<\/tr>\n<tr>\n<td width=\"232\">Bellvei<\/td>\n<td width=\"144\">4<\/td>\n<\/tr>\n<tr>\n<td width=\"232\">Banyeres del Pened\u00e8s<\/td>\n<td width=\"144\">3<\/td>\n<\/tr>\n<tr>\n<td width=\"232\">El Vendrell<\/td>\n<td width=\"144\">3<\/td>\n<\/tr>\n<tr>\n<td width=\"232\">La Bisbal del Pened\u00e8s<\/td>\n<td width=\"144\">26<\/td>\n<\/tr>\n<tr>\n<td width=\"232\">Calafell<\/td>\n<td width=\"144\">10<\/td>\n<\/tr>\n<tr>\n<td width=\"232\">El Montmell<\/td>\n<td width=\"144\">3<\/td>\n<\/tr>\n<tr>\n<td width=\"232\">Lloren\u00e7 del Pened\u00e8s<\/td>\n<td width=\"144\">1<\/td>\n<\/tr>\n<tr>\n<td width=\"232\">Rodony\u00e0<\/td>\n<td width=\"144\">1<\/td>\n<\/tr>\n<\/tbody>\n<\/table>\n<p>&nbsp;<\/p>\n<p>L\u2019empresa de selecci\u00f3 s\u2019ha mostrat satisfeta amb els resultats obtinguts amb aquesta col\u00b7laboraci\u00f3 del SOM de La Bisbal amb els altres Ajuntaments del Baix Pened\u00e8s. Aix\u00ed mateix, el municipi est\u00e0 engegant diversos projectes conjunts amb altres ajuntaments, com ara els de Calafell, Bellvei o l\u2019Arbo\u00e7, amb la finalitat de realitzar itineraris formatius\u00a0 i, aix\u00ed, professionalitzar els alumnes en gesti\u00f3 de magatzem. De fet a La Bisbal ja s\u2019han promogut cursos com ara el de carretoners UNE o el d\u2019auxiliar de magatzem i radiofreq\u00fc\u00e8ncia, que han servit per formar un total de vint-i-nou persones.<\/p>\n","protected":false},"excerpt":{"rendered":"<p>&nbsp; El Servei d\u2019Ocupaci\u00f3 Municipal (SOM) de la Regidoria d\u2019Ocupaci\u00f3 de l\u2019Ajuntament de La Bisbal del Pened\u00e8s treballa conjuntament amb els diversos serveis d\u2019ocupaci\u00f3 del Baix Pened\u00e8s en un projecte &hellip; <a href=\"https:\/\/bisbalpenedes.com\/web\/2017\/11\/22\/59-persones-shan-inserit-al-mon-laboral-gracies-al-projecte-dels-serveis-docupacio-en-xarxa-de-la-comarca-del-baix-penedes\/\" class=\"more-link\">Read More<\/a><\/p>\n","protected":false},"author":4,"featured_media":3049,"comment_status":"closed","ping_status":"closed","sticky":false,"template":"","format":"standard","meta":[],"categories":[9],"tags":[959,459,958,10,271,749,957],"_links":{"self":[{"href":"https:\/\/bisbalpenedes.com\/web\/wp-json\/wp\/v2\/posts\/3818"}],"collection":[{"href":"https:\/\/bisbalpenedes.com\/web\/wp-json\/wp\/v2\/posts"}],"about":[{"href":"https:\/\/bisbalpenedes.com\/web\/wp-json\/wp\/v2\/types\/post"}],"author":[{"embeddable":true,"href":"https:\/\/bisbalpenedes.com\/web\/wp-json\/wp\/v2\/users\/4"}],"replies":[{"embeddable":true,"href":"https:\/\/bisbalpenedes.com\/web\/wp-json\/wp\/v2\/comments?post=3818"}],"version-history":[{"count":1,"href":"https:\/\/bisbalpenedes.com\/web\/wp-json\/wp\/v2\/posts\/3818\/revisions"}],"predecessor-version":[{"id":3819,"href":"https:\/\/bisbalpenedes.com\/web\/wp-json\/wp\/v2\/posts\/3818\/revisions\/3819"}],"wp:featuredmedia":[{"embeddable":true,"href":"https:\/\/bisbalpenedes.com\/web\/wp-json\/wp\/v2\/media\/3049"}],"wp:attachment":[{"href":"https:\/\/bisbalpenedes.com\/web\/wp-json\/wp\/v2\/media?parent=3818"}],"wp:term":[{"taxonomy":"category","embeddable":true,"href":"https:\/\/bisbalpenedes.com\/web\/wp-json\/wp\/v2\/categories?post=3818"},{"taxonomy":"post_tag","embeddable":true,"href":"https:\/\/bisbalpenedes.com\/web\/wp-json\/wp\/v2\/tags?post=3818"}],"curies":[{"name":"wp","href":"https:\/\/api.w.org\/{rel}","templated":true}]}}