{"id":3809,"date":"2017-11-21T20:25:02","date_gmt":"2017-11-21T19:25:02","guid":{"rendered":"http:\/\/bisbalpenedes.com\/web\/?p=3809"},"modified":"2017-11-21T20:25:08","modified_gmt":"2017-11-21T19:25:08","slug":"aquest-dissabte-25-de-novembre-hi-haura-contacontes-a-la-biblioteca-publica-de-la-bisbal","status":"publish","type":"post","link":"https:\/\/bisbalpenedes.com\/web\/2017\/11\/21\/aquest-dissabte-25-de-novembre-hi-haura-contacontes-a-la-biblioteca-publica-de-la-bisbal\/","title":{"rendered":"Aquest dissabte 25 de novembre hi haur\u00e0 contacontes a la Biblioteca P\u00fablica de La Bisbal"},"content":{"rendered":"<p>Com cada \u00faltim dissabte de mes, aquest dissabte a les 17h tindr\u00e0 lloc el contacontes a la Biblioteca P\u00fablica de La Bisbal i, tot seguit, berenar per a tothom (sense gluten).<\/p>\n<p><a href=\"http:\/\/bisbalpenedes.com\/web\/wp-content\/uploads\/2017\/11\/Contacontes-Novembre-2.jpg\"><img loading=\"lazy\" class=\"aligncenter size-large wp-image-3810\" src=\"http:\/\/bisbalpenedes.com\/web\/wp-content\/uploads\/2017\/11\/Contacontes-Novembre-2-732x1024.jpg\" alt=\"Contacontes-Novembre-2\" width=\"630\" height=\"881\" srcset=\"https:\/\/bisbalpenedes.com\/web\/wp-content\/uploads\/2017\/11\/Contacontes-Novembre-2-732x1024.jpg 732w, https:\/\/bisbalpenedes.com\/web\/wp-content\/uploads\/2017\/11\/Contacontes-Novembre-2-600x840.jpg 600w, https:\/\/bisbalpenedes.com\/web\/wp-content\/uploads\/2017\/11\/Contacontes-Novembre-2-214x300.jpg 214w, https:\/\/bisbalpenedes.com\/web\/wp-content\/uploads\/2017\/11\/Contacontes-Novembre-2-768x1075.jpg 768w, https:\/\/bisbalpenedes.com\/web\/wp-content\/uploads\/2017\/11\/Contacontes-Novembre-2.jpg 1198w\" sizes=\"(max-width: 630px) 100vw, 630px\" \/><\/a><\/p>\n","protected":false},"excerpt":{"rendered":"<p>Com cada \u00faltim dissabte de mes, aquest dissabte a les 17h tindr\u00e0 lloc el contacontes a la Biblioteca P\u00fablica de La Bisbal i, tot seguit, berenar per a tothom (sense &hellip; <a href=\"https:\/\/bisbalpenedes.com\/web\/2017\/11\/21\/aquest-dissabte-25-de-novembre-hi-haura-contacontes-a-la-biblioteca-publica-de-la-bisbal\/\" class=\"more-link\">Read More<\/a><\/p>\n","protected":false},"author":4,"featured_media":3810,"comment_status":"closed","ping_status":"closed","sticky":false,"template":"","format":"standard","meta":[],"categories":[13],"tags":[955,180,421,956,318],"_links":{"self":[{"href":"https:\/\/bisbalpenedes.com\/web\/wp-json\/wp\/v2\/posts\/3809"}],"collection":[{"href":"https:\/\/bisbalpenedes.com\/web\/wp-json\/wp\/v2\/posts"}],"about":[{"href":"https:\/\/bisbalpenedes.com\/web\/wp-json\/wp\/v2\/types\/post"}],"author":[{"embeddable":true,"href":"https:\/\/bisbalpenedes.com\/web\/wp-json\/wp\/v2\/users\/4"}],"replies":[{"embeddable":true,"href":"https:\/\/bisbalpenedes.com\/web\/wp-json\/wp\/v2\/comments?post=3809"}],"version-history":[{"count":2,"href":"https:\/\/bisbalpenedes.com\/web\/wp-json\/wp\/v2\/posts\/3809\/revisions"}],"predecessor-version":[{"id":3812,"href":"https:\/\/bisbalpenedes.com\/web\/wp-json\/wp\/v2\/posts\/3809\/revisions\/3812"}],"wp:featuredmedia":[{"embeddable":true,"href":"https:\/\/bisbalpenedes.com\/web\/wp-json\/wp\/v2\/media\/3810"}],"wp:attachment":[{"href":"https:\/\/bisbalpenedes.com\/web\/wp-json\/wp\/v2\/media?parent=3809"}],"wp:term":[{"taxonomy":"category","embeddable":true,"href":"https:\/\/bisbalpenedes.com\/web\/wp-json\/wp\/v2\/categories?post=3809"},{"taxonomy":"post_tag","embeddable":true,"href":"https:\/\/bisbalpenedes.com\/web\/wp-json\/wp\/v2\/tags?post=3809"}],"curies":[{"name":"wp","href":"https:\/\/api.w.org\/{rel}","templated":true}]}}