{"id":3799,"date":"2017-11-21T19:49:14","date_gmt":"2017-11-21T18:49:14","guid":{"rendered":"http:\/\/bisbalpenedes.com\/web\/?p=3799"},"modified":"2017-11-21T20:02:33","modified_gmt":"2017-11-21T19:02:33","slug":"el-diumenge-26-de-novembre-es-projectara-brava-a-la-bisbal-del-penedes-en-el-marc-del-cicle-gaudi","status":"publish","type":"post","link":"https:\/\/bisbalpenedes.com\/web\/2017\/11\/21\/el-diumenge-26-de-novembre-es-projectara-brava-a-la-bisbal-del-penedes-en-el-marc-del-cicle-gaudi\/","title":{"rendered":"El diumenge 26 de novembre es projectar\u00e0 &#8216;Brava&#8217; a La Bisbal del Pened\u00e8s en el marc del Cicle Gaud\u00ed"},"content":{"rendered":"<p><a href=\"http:\/\/bisbalpenedes.com\/web\/wp-content\/uploads\/2017\/11\/visual_A3_BRAVA_LA_BISBAL_PENEDES.jpg\"><img loading=\"lazy\" class=\"aligncenter size-large wp-image-3800\" src=\"http:\/\/bisbalpenedes.com\/web\/wp-content\/uploads\/2017\/11\/visual_A3_BRAVA_LA_BISBAL_PENEDES-728x1024.jpg\" alt=\"visual_A3_BRAVA_LA_BISBAL_PENEDES\" width=\"630\" height=\"886\" srcset=\"https:\/\/bisbalpenedes.com\/web\/wp-content\/uploads\/2017\/11\/visual_A3_BRAVA_LA_BISBAL_PENEDES-728x1024.jpg 728w, https:\/\/bisbalpenedes.com\/web\/wp-content\/uploads\/2017\/11\/visual_A3_BRAVA_LA_BISBAL_PENEDES-600x843.jpg 600w, https:\/\/bisbalpenedes.com\/web\/wp-content\/uploads\/2017\/11\/visual_A3_BRAVA_LA_BISBAL_PENEDES-213x300.jpg 213w, https:\/\/bisbalpenedes.com\/web\/wp-content\/uploads\/2017\/11\/visual_A3_BRAVA_LA_BISBAL_PENEDES-768x1080.jpg 768w, https:\/\/bisbalpenedes.com\/web\/wp-content\/uploads\/2017\/11\/visual_A3_BRAVA_LA_BISBAL_PENEDES.jpg 1146w\" sizes=\"(max-width: 630px) 100vw, 630px\" \/><\/a><\/p>\n<p>&nbsp;<\/p>\n<p>El proper diumenge 26 de novembre a les 19h podreu gaudir de la pel\u00b7l\u00edcula &#8216;Brava&#8217; a l&#8217;Auditori Salb\u00e0 del Centre Municipal de Cultura de La Bisbal del Pened\u00e8s en el marc del Cicle Gaud\u00ed de cinema catal\u00e0. El preu de l&#8217;entrada ser\u00e0 de 4.50\u20ac per al p\u00fablic general i 3.00\u20ac per aquells que presenteu el carnet de la Biblioteca P\u00fablica de La Bisbal a l&#8217;entrada. La gesti\u00f3 de la taquilla anir\u00e0 a c\u00e0rrec de l&#8217;Associaci\u00f3 de la Gent Gran, que rebr\u00e0 l&#8217;import \u00edntegre de la recaptaci\u00f3. Podreu trobar la venda d&#8217;entrades\u00a030 minuts abans de la projecci\u00f3 al mateix CMC.<\/p>\n<p>A m\u00e9s, en aquesta ocasi\u00f3 comptarem amb la pres\u00e8ncia del productor de Brava, Oriol Marcos, que presentar\u00e0 la pel\u00b7l\u00edcula i conduir\u00e0 el debat, i amb un Mosso d&#8217;Esquadra, que far\u00e0 una microxerrada sobre viol\u00e8ncia de g\u00e8nere, ja que la pel\u00b7l\u00edcula versa sobre aquesta tem\u00e0tica.<a href=\"http:\/\/bisbalpenedes.com\/web\/wp-content\/uploads\/2017\/11\/news_bisbal_p_brava.jpg\"><br \/>\n<\/a><\/p>\n<p><a href=\"http:\/\/bisbalpenedes.com\/web\/wp-content\/uploads\/2017\/11\/news_bisbal_p_brava.jpg\"><img loading=\"lazy\" class=\"aligncenter size-full wp-image-3801\" src=\"http:\/\/bisbalpenedes.com\/web\/wp-content\/uploads\/2017\/11\/news_bisbal_p_brava.jpg\" alt=\"news_bisbal_p_brava\" width=\"800\" height=\"450\" srcset=\"https:\/\/bisbalpenedes.com\/web\/wp-content\/uploads\/2017\/11\/news_bisbal_p_brava.jpg 800w, https:\/\/bisbalpenedes.com\/web\/wp-content\/uploads\/2017\/11\/news_bisbal_p_brava-600x338.jpg 600w, https:\/\/bisbalpenedes.com\/web\/wp-content\/uploads\/2017\/11\/news_bisbal_p_brava-300x169.jpg 300w, https:\/\/bisbalpenedes.com\/web\/wp-content\/uploads\/2017\/11\/news_bisbal_p_brava-768x432.jpg 768w\" sizes=\"(max-width: 800px) 100vw, 800px\" \/><\/a><\/p>\n<p>&nbsp;<\/p>\n<h3><strong>Algunes cr\u00edtiques de la pel\u00b7l\u00edcula n&#8217;han dit:<\/strong><\/h3>\n<p style=\"text-align: center;\">&#8220;(&#8230;)un drama empapado de la violencia o, al menos, de la amenaza de violencia constante contra el cuerpo de las mujeres; un aspecto presente en todo el metraje de la peli\u0301cula (&#8230;) una Marull inquietante, como pocas veces antes (&#8230;)&#8221;<\/p>\n<p class=\"testimonial_author\" style=\"text-align: center;\"><strong>Paula Arantzazu Ruiz \u2013 Cineman\u00eda<\/strong><\/p>\n<p style=\"text-align: center;\">&#8220;Adem\u00e1s de intentar reflejar las secuelas que una agresi\u00f3n sexual puede tener para una mujer,\u00a0Brava\u00a0tambi\u00e9n reflexiona sobre el papel del hombre en todo este relato. (&#8230;) Lejos de la burda generalizaci\u00f3n, la directora traza unos perfiles cre\u00edbles, en los que incluso aquellos personajes con mayor sensibilidad (como Pierre) apenas pueden acercarse al plano emocional que rodea a Janine.&#8221;<\/p>\n<p class=\"testimonial_author\" style=\"text-align: center;\"><strong>Alvaro Casanova \u2013 Cine Maldito<\/strong><\/p>\n<p class=\"testimonial_author\" style=\"text-align: center;\">&#8220;El film, dirigido por Roser Aguilar y protagonizado por Laia Marull, explora emociones a trav\u00e9s de una historia sencilla pero que consigue transmitir mucho.&#8221;<\/p>\n<p class=\"testimonial_author\" style=\"text-align: center;\"><strong>Jorge Caracuel \u2013 Vavel<\/strong><\/p>\n<p class=\"testimonial_author\" style=\"text-align: center;\">&#8220;Brava\u00a0no habla de la crisis, sino de las crisis. De las crisis internas, de los procesos de cambio que pueden llevar a alguien, a cualquiera, a hacer algo que jam\u00e1s hubiese hecho en estado de serenidad racional.\u00a0&#8220;<\/p>\n<p class=\"testimonial_author\" style=\"text-align: center;\"><strong>Jordi Costa \u2013 El Pa\u00eds<\/strong><\/p>\n<p class=\"testimonial_author\" style=\"text-align: center;\">&#8220;Un retrato de la desesperaci\u00f3n, la falta de rumbo y el temor a no volver a ser aquello que ya ten\u00edas asumido como definitivo.&#8221;<\/p>\n<p class=\"testimonial_author\" style=\"text-align: center;\"><strong>Pere Vall \u2013 Fotogramas<\/strong><\/p>\n<p style=\"text-align: center;\">\u00a0<iframe loading=\"lazy\" src=\"https:\/\/www.youtube.com\/embed\/XLM8XVukALQ\" width=\"560\" height=\"315\" frameborder=\"0\" allowfullscreen=\"allowfullscreen\"><\/iframe><\/p>\n<p style=\"text-align: center;\">Escolteu la falca radiof\u00f2nica:\u00a0<a href=\"https:\/\/soundcloud.com\/user-240484202\/diumenge-26-de-novembre-es-projectara-brava-a-la-bisbal-del-penedes\">https:\/\/soundcloud.com\/user-240484202\/diumenge-26-de-novembre-es-projectara-brava-a-la-bisbal-del-penedes\u00a0<\/a><\/p>\n<div class=\"wpb_text_column wpb_content_element \">\n<div class=\"wpb_wrapper\">\n<h4><span style=\"text-decoration: underline;\">FITXA\u00a0T\u00c8CNICA DE LA PEL\u00b7L\u00cdCULA<\/span><\/h4>\n<\/div>\n<\/div>\n<div class=\"wpb_text_column wpb_content_element \">\n<div class=\"wpb_wrapper\">\n<p>Direcci\u00f3:\u00a0<strong>Roser Aguilar<\/strong><\/p>\n<p>Gui\u00f3:\u00a0<strong>Roser Aguilar i Alejandro Hern\u00e1ndez<\/strong><\/p>\n<p>M\u00fasica:\u00a0<strong>Vincent Barri\u00e8re<\/strong><\/p>\n<p>Estrena:\u00a0<strong>Juny de 2017<\/strong><\/p>\n<p>Durada:\u00a0<strong>92\u00a0min.<\/strong><\/p>\n<p>G\u00e8nere:\u00a0<strong>Drama<\/strong><\/p>\n<p>Versi\u00f3:\u00a0<strong>Original en catal\u00e0<\/strong><\/p>\n<p>Int\u00e8rprets:<\/p>\n<p><strong>Laia Marull, Bruno Todeschini, Emilio Guti\u00e9rrez Caba, Francesc Orella, Mikel Iglesias<\/strong><\/p>\n<p>&nbsp;<\/p>\n<\/div>\n<\/div>\n<h4><span style=\"text-decoration: underline;\"><strong>SINOPSI<\/strong><\/span><\/h4>\n<p><strong>La vida de la Janine sembla anar molt b\u00e9 fins que pateix un assalt al metro i tot s\u2019enfonsa.<\/strong><\/p>\n<p>Tractant de fugir del seu turment interior, escapa al poble on ara viu el seu pare, oculta a tots les seves ferides i intenta relaxar-se. Per\u00f2 all\u00e0, lluny de trobar la pau, coneixer\u00e0 el seu costat m\u00e9s fosc.<\/p>\n","protected":false},"excerpt":{"rendered":"<p>&nbsp; El proper diumenge 26 de novembre a les 19h podreu gaudir de la pel\u00b7l\u00edcula &#8216;Brava&#8217; a l&#8217;Auditori Salb\u00e0 del Centre Municipal de Cultura de La Bisbal del Pened\u00e8s en &hellip; <a href=\"https:\/\/bisbalpenedes.com\/web\/2017\/11\/21\/el-diumenge-26-de-novembre-es-projectara-brava-a-la-bisbal-del-penedes-en-el-marc-del-cicle-gaudi\/\" class=\"more-link\">Read More<\/a><\/p>\n","protected":false},"author":4,"featured_media":3800,"comment_status":"closed","ping_status":"closed","sticky":false,"template":"","format":"standard","meta":[],"categories":[13],"tags":[950,755,756,308,305,949,760,948],"_links":{"self":[{"href":"https:\/\/bisbalpenedes.com\/web\/wp-json\/wp\/v2\/posts\/3799"}],"collection":[{"href":"https:\/\/bisbalpenedes.com\/web\/wp-json\/wp\/v2\/posts"}],"about":[{"href":"https:\/\/bisbalpenedes.com\/web\/wp-json\/wp\/v2\/types\/post"}],"author":[{"embeddable":true,"href":"https:\/\/bisbalpenedes.com\/web\/wp-json\/wp\/v2\/users\/4"}],"replies":[{"embeddable":true,"href":"https:\/\/bisbalpenedes.com\/web\/wp-json\/wp\/v2\/comments?post=3799"}],"version-history":[{"count":3,"href":"https:\/\/bisbalpenedes.com\/web\/wp-json\/wp\/v2\/posts\/3799\/revisions"}],"predecessor-version":[{"id":3807,"href":"https:\/\/bisbalpenedes.com\/web\/wp-json\/wp\/v2\/posts\/3799\/revisions\/3807"}],"wp:featuredmedia":[{"embeddable":true,"href":"https:\/\/bisbalpenedes.com\/web\/wp-json\/wp\/v2\/media\/3800"}],"wp:attachment":[{"href":"https:\/\/bisbalpenedes.com\/web\/wp-json\/wp\/v2\/media?parent=3799"}],"wp:term":[{"taxonomy":"category","embeddable":true,"href":"https:\/\/bisbalpenedes.com\/web\/wp-json\/wp\/v2\/categories?post=3799"},{"taxonomy":"post_tag","embeddable":true,"href":"https:\/\/bisbalpenedes.com\/web\/wp-json\/wp\/v2\/tags?post=3799"}],"curies":[{"name":"wp","href":"https:\/\/api.w.org\/{rel}","templated":true}]}}