{"id":3795,"date":"2017-11-21T08:02:33","date_gmt":"2017-11-21T07:02:33","guid":{"rendered":"http:\/\/bisbalpenedes.com\/web\/?p=3795"},"modified":"2017-11-21T08:03:34","modified_gmt":"2017-11-21T07:03:34","slug":"el-dijous-23-de-novembre-hi-haura-ple-extraordinari-a-les-20-30h","status":"publish","type":"post","link":"https:\/\/bisbalpenedes.com\/web\/2017\/11\/21\/el-dijous-23-de-novembre-hi-haura-ple-extraordinari-a-les-20-30h\/","title":{"rendered":"El dijous 23 de novembre hi haur\u00e0 Ple Extraordinari a les 20.30h"},"content":{"rendered":"<p>L&#8217;Ajuntament de La Bisbal informa que s&#8217;ha convocat una sessi\u00f3 extraordin\u00e0ria del Ple d\u2019aquest Ajuntament que tindr\u00e0 lloc en el sal\u00f3 de sessions, el dijous dia 23 de novembre de 2017, a les 20:30 hores, per tractar els seg\u00fcents assumptes:<\/p>\n<p>ORDRE DEL DIA<\/p>\n<p>1.- Presa de coneixement ren\u00fancia regidor Sr. Jos\u00e9 Fern\u00e1ndez Rodrigo d\u2019Esquerra Republicana de Catalunya acord municipal (ERC-AM). Exp.: 1118\/2017.<\/p>\n<p>2.- Aprovaci\u00f3 conveni de col\u00b7laboraci\u00f3 per a l\u2019enc\u00e0rrec de gesti\u00f3 de la licitaci\u00f3 agregada del servei d\u2019implantaci\u00f3 i posada en funcionament d\u2019una plataforma destinada a la gesti\u00f3 per mitjans electr\u00f2nics de l\u2019activitat i procediment administratiu de diversos ajuntaments de la comarcal del Baix Pened\u00e8s. Exp.: 1237\/2017.<\/p>\n<p>3.- Nomenament membres meses electorals eleccions Generalitat de Catalunya 21\/12\/2017. Exp.: 1238\/2017.<\/p>\n<p>4.- Aprovaci\u00f3 adhesi\u00f3 pacte d\u2019alcaldes\/alcaldesses pel clima i l\u2019energia. Exp.: 1239\/2017<\/p>\n","protected":false},"excerpt":{"rendered":"<p>L&#8217;Ajuntament de La Bisbal informa que s&#8217;ha convocat una sessi\u00f3 extraordin\u00e0ria del Ple d\u2019aquest Ajuntament que tindr\u00e0 lloc en el sal\u00f3 de sessions, el dijous dia 23 de novembre de &hellip; <a href=\"https:\/\/bisbalpenedes.com\/web\/2017\/11\/21\/el-dijous-23-de-novembre-hi-haura-ple-extraordinari-a-les-20-30h\/\" class=\"more-link\">Read More<\/a><\/p>\n","protected":false},"author":4,"featured_media":2174,"comment_status":"closed","ping_status":"closed","sticky":false,"template":"","format":"standard","meta":[],"categories":[4],"tags":[459,944,945,947,943,946,423],"_links":{"self":[{"href":"https:\/\/bisbalpenedes.com\/web\/wp-json\/wp\/v2\/posts\/3795"}],"collection":[{"href":"https:\/\/bisbalpenedes.com\/web\/wp-json\/wp\/v2\/posts"}],"about":[{"href":"https:\/\/bisbalpenedes.com\/web\/wp-json\/wp\/v2\/types\/post"}],"author":[{"embeddable":true,"href":"https:\/\/bisbalpenedes.com\/web\/wp-json\/wp\/v2\/users\/4"}],"replies":[{"embeddable":true,"href":"https:\/\/bisbalpenedes.com\/web\/wp-json\/wp\/v2\/comments?post=3795"}],"version-history":[{"count":1,"href":"https:\/\/bisbalpenedes.com\/web\/wp-json\/wp\/v2\/posts\/3795\/revisions"}],"predecessor-version":[{"id":3796,"href":"https:\/\/bisbalpenedes.com\/web\/wp-json\/wp\/v2\/posts\/3795\/revisions\/3796"}],"wp:featuredmedia":[{"embeddable":true,"href":"https:\/\/bisbalpenedes.com\/web\/wp-json\/wp\/v2\/media\/2174"}],"wp:attachment":[{"href":"https:\/\/bisbalpenedes.com\/web\/wp-json\/wp\/v2\/media?parent=3795"}],"wp:term":[{"taxonomy":"category","embeddable":true,"href":"https:\/\/bisbalpenedes.com\/web\/wp-json\/wp\/v2\/categories?post=3795"},{"taxonomy":"post_tag","embeddable":true,"href":"https:\/\/bisbalpenedes.com\/web\/wp-json\/wp\/v2\/tags?post=3795"}],"curies":[{"name":"wp","href":"https:\/\/api.w.org\/{rel}","templated":true}]}}