{"id":37846,"date":"2026-04-30T15:28:41","date_gmt":"2026-04-30T13:28:41","guid":{"rendered":"https:\/\/bisbalpenedes.com\/web\/?p=37846"},"modified":"2026-04-30T15:29:33","modified_gmt":"2026-04-30T13:29:33","slug":"punt-dinformacio-a-la-bisbal-del-penedes-i-jornada-participativa-a-banyeres-sobre-el-projecte-dinfraestructura-interior-dhidrogen-impulsat-per-enagas","status":"publish","type":"post","link":"https:\/\/bisbalpenedes.com\/web\/2026\/04\/30\/punt-dinformacio-a-la-bisbal-del-penedes-i-jornada-participativa-a-banyeres-sobre-el-projecte-dinfraestructura-interior-dhidrogen-impulsat-per-enagas\/","title":{"rendered":"Punt d\u2019informaci\u00f3 a la Bisbal del Pened\u00e8s i jornada participativa a Banyeres sobre el projecte d\u2019infraestructura interior d\u2019hidrogen impulsat per Enag\u00e1s"},"content":{"rendered":"\n<p>La Bisbal del Pened\u00e8s acollir\u00e0 un punt d\u2019informaci\u00f3 sobre el projecte d\u2019infraestructura interior d\u2019hidrogen impulsat per Enag\u00e1s, en el marc del Pla Conceptual de Participaci\u00f3 P\u00fablica (PCPP).<\/p>\n\n\n\n<p>Aquest punt informatiu s&#8217;ubicar\u00e0 el <strong>dilluns 4 de maig, de 14.00 h a 18.00 h, al carrer Llibertat. <\/strong>Durant aquest horari, hi haur\u00e0 material divulgatiu i personal t\u00e8cnic que informar\u00e0 la ciutadania, atendr\u00e0 consultes i recollir\u00e0 aportacions.<\/p>\n\n\n\n<p>L\u2019endem\u00e0, <strong>dimarts 5 de maig, de 16.00 h a 18.00 h,<\/strong> es dur\u00e0 a terme una<strong> jornada participativa presencial <\/strong>al Centre C\u00edvic Ernest Lluch de <strong>Banyeres del Pened\u00e8s,<\/strong> oberta a tota la ciutadania.<\/p>\n\n\n\n<p>Aquestes accions s\u2019emmarquen en un proc\u00e9s participatiu que es desenvolupa entre abril i maig de 2026 a les \u00e0rees de Barcelona i Tarragona amb l\u2019objectiu d\u2019informar administracions, entitats i ciutadania, aix\u00ed com recollir aportacions sobre el projecte.<\/p>\n\n\n\n<p>El projecte preveu el desplegament d\u2019una infraestructura interior d\u2019hidrogen verd a Catalunya, amb afectaci\u00f3 a 89 municipis entre Reus (Tarragona) i El Papiol (Barcelona).<\/p>\n\n\n\n<p>Aquesta iniciativa no \u00e9s municipal, sin\u00f3 que forma part d\u2019un proc\u00e9s participatiu promogut pels impulsors del projecte.<\/p>\n\n\n\n<hr class=\"wp-block-separator has-alpha-channel-opacity\"\/>\n\n\n\n<h4><strong>Punto de informaci\u00f3n en la Bisbal del Pened\u00e8s y jornada participativa en Banyeres sobre el proyecto de infraestructura interior de hidr\u00f3geno impulsado por Enag\u00e1s<\/strong><\/h4>\n\n\n\n<p>La Bisbal del Pened\u00e8s acoger\u00e1 un punto de informaci\u00f3n sobre el proyecto de infraestructura interior de hidr\u00f3geno impulsado por Enag\u00e1s, en el marco del Plan Conceptual de Participaci\u00f3n P\u00fablica (PCPP).<\/p>\n\n\n\n<p>Este punto informativo se ubicar\u00e1 el<strong> lunes 4 de mayo, de 14:00 h a 18:00 h, en la calle Llibertat.<\/strong> Durante este horario, habr\u00e1 material divulgativo y personal t\u00e9cnico que informar\u00e1 a la ciudadan\u00eda, atender\u00e1 consultas y recoger\u00e1 aportaciones.<\/p>\n\n\n\n<p>Al d\u00eda siguiente, <strong>martes 5 de mayo, de 16:00 h a 18:00 h, <\/strong>se llevar\u00e1 a cabo una <strong>jornada participativa <\/strong>presencial en el Centre C\u00edvic Ernest Lluch de <strong>Banyeres del Pened\u00e8s<\/strong>, abierta a toda la ciudadan\u00eda.<\/p>\n\n\n\n<p>Estas acciones se enmarcan en un proceso participativo que se desarrolla entre abril y mayo de 2026 en las \u00e1reas de Barcelona y Tarragona con el objetivo de informar a administraciones, entidades y ciudadan\u00eda, as\u00ed como recoger aportaciones sobre el proyecto.<\/p>\n\n\n\n<p>El proyecto prev\u00e9 el despliegue de una infraestructura interior de hidr\u00f3geno verde en Catalu\u00f1a, con afectaci\u00f3n a 89 municipios entre Reus (Tarragona) y El Papiol (Barcelona).<\/p>\n\n\n\n<p>Esta iniciativa no es municipal, sino que forma parte de un proceso participativo promovido por los impulsores del proyecto.<\/p>\n","protected":false},"excerpt":{"rendered":"<p>La Bisbal del Pened\u00e8s acollir\u00e0 un punt d\u2019informaci\u00f3 sobre el projecte d\u2019infraestructura interior d\u2019hidrogen impulsat per Enag\u00e1s, en el marc del Pla Conceptual de Participaci\u00f3 P\u00fablica (PCPP). Aquest punt informatiu &hellip; <a href=\"https:\/\/bisbalpenedes.com\/web\/2026\/04\/30\/punt-dinformacio-a-la-bisbal-del-penedes-i-jornada-participativa-a-banyeres-sobre-el-projecte-dinfraestructura-interior-dhidrogen-impulsat-per-enagas\/\" class=\"more-link\">Read More<\/a><\/p>\n","protected":false},"author":4,"featured_media":37847,"comment_status":"closed","ping_status":"closed","sticky":false,"template":"","format":"standard","meta":[],"categories":[8],"tags":[7490,7493,393,7491],"_links":{"self":[{"href":"https:\/\/bisbalpenedes.com\/web\/wp-json\/wp\/v2\/posts\/37846"}],"collection":[{"href":"https:\/\/bisbalpenedes.com\/web\/wp-json\/wp\/v2\/posts"}],"about":[{"href":"https:\/\/bisbalpenedes.com\/web\/wp-json\/wp\/v2\/types\/post"}],"author":[{"embeddable":true,"href":"https:\/\/bisbalpenedes.com\/web\/wp-json\/wp\/v2\/users\/4"}],"replies":[{"embeddable":true,"href":"https:\/\/bisbalpenedes.com\/web\/wp-json\/wp\/v2\/comments?post=37846"}],"version-history":[{"count":2,"href":"https:\/\/bisbalpenedes.com\/web\/wp-json\/wp\/v2\/posts\/37846\/revisions"}],"predecessor-version":[{"id":37849,"href":"https:\/\/bisbalpenedes.com\/web\/wp-json\/wp\/v2\/posts\/37846\/revisions\/37849"}],"wp:featuredmedia":[{"embeddable":true,"href":"https:\/\/bisbalpenedes.com\/web\/wp-json\/wp\/v2\/media\/37847"}],"wp:attachment":[{"href":"https:\/\/bisbalpenedes.com\/web\/wp-json\/wp\/v2\/media?parent=37846"}],"wp:term":[{"taxonomy":"category","embeddable":true,"href":"https:\/\/bisbalpenedes.com\/web\/wp-json\/wp\/v2\/categories?post=37846"},{"taxonomy":"post_tag","embeddable":true,"href":"https:\/\/bisbalpenedes.com\/web\/wp-json\/wp\/v2\/tags?post=37846"}],"curies":[{"name":"wp","href":"https:\/\/api.w.org\/{rel}","templated":true}]}}