{"id":37840,"date":"2026-04-30T15:06:27","date_gmt":"2026-04-30T13:06:27","guid":{"rendered":"https:\/\/bisbalpenedes.com\/web\/?p=37840"},"modified":"2026-04-30T15:06:28","modified_gmt":"2026-04-30T13:06:28","slug":"prop-duna-trentena-de-persones-participen-en-la-caminada-saludable-del-consultori-medic-de-la-bisbal-del-penedes","status":"publish","type":"post","link":"https:\/\/bisbalpenedes.com\/web\/2026\/04\/30\/prop-duna-trentena-de-persones-participen-en-la-caminada-saludable-del-consultori-medic-de-la-bisbal-del-penedes\/","title":{"rendered":"Prop d\u2019una trentena de persones participen en la caminada saludable del Consultori m\u00e8dic de la Bisbal del Pened\u00e8s"},"content":{"rendered":"\n<p>El dimarts 28 d\u2019abril es va celebrar la caminada saludable organitzada pel Consultori m\u00e8dic de la Bisbal del Pened\u00e8s en el marc de la celebraci\u00f3 del Dia Mundial de l\u2019Activitat F\u00edsica, sota el lema \u201cM\u00e9s moviment, m\u00e9s vida\u201d, amb la participaci\u00f3 de prop d&#8217;una trentena de persones.<\/p>\n\n\n\n<p>L\u2019activitat va consistir en un recorregut de 5 quil\u00f2metres per l\u2019entorn natural del municipi. Els participants van seguir la ruta del cam\u00ed vell de la Joncosa, tamb\u00e9 anomenat del Cirerol, passant pel bosc del Batet, la Roja i el cam\u00ed de les Pubilles, tot gaudint del paisatge i del patrimoni natural de la Bisbal del Pened\u00e8s.<\/p>\n\n\n\n<p>Durant la caminada es van poder observar quatre barraques de pedra seca. Els margeners bisbalencs Ramon i Joan Rovira en van fer una explicaci\u00f3 als assistents, apropant-los a aquestes construccions tradicionals.<\/p>\n\n\n\n<p>En acabar l\u2019activitat, els participants van esmorzar fruita. Des del Consultori m\u00e8dic de la Bisbal del Pened\u00e8s van agrair la col\u00b7laboraci\u00f3 de Senderistes Bisbalencs i les ganes que hi va posar tothom qui hi va participar. Alhora, van recordar la import\u00e0ncia de practicar activitat f\u00edsica de forma regular per mantenir un bon estat de salut.<\/p>\n\n\n\n<figure class=\"wp-block-image size-large\"><img loading=\"lazy\" width=\"1024\" height=\"576\" src=\"https:\/\/bisbalpenedes.com\/web\/wp-content\/uploads\/2026\/04\/674873082_2397982790612431_757917923870656692_n-1024x576.jpg\" alt=\"\" class=\"wp-image-37841\" srcset=\"https:\/\/bisbalpenedes.com\/web\/wp-content\/uploads\/2026\/04\/674873082_2397982790612431_757917923870656692_n-1024x576.jpg 1024w, https:\/\/bisbalpenedes.com\/web\/wp-content\/uploads\/2026\/04\/674873082_2397982790612431_757917923870656692_n-300x169.jpg 300w, https:\/\/bisbalpenedes.com\/web\/wp-content\/uploads\/2026\/04\/674873082_2397982790612431_757917923870656692_n-768x432.jpg 768w, https:\/\/bisbalpenedes.com\/web\/wp-content\/uploads\/2026\/04\/674873082_2397982790612431_757917923870656692_n-600x338.jpg 600w, https:\/\/bisbalpenedes.com\/web\/wp-content\/uploads\/2026\/04\/674873082_2397982790612431_757917923870656692_n.jpg 1080w\" sizes=\"(max-width: 1024px) 100vw, 1024px\" \/><\/figure>\n\n\n\n<hr class=\"wp-block-separator has-alpha-channel-opacity\"\/>\n\n\n\n<p><strong>Cerca de una treintena de personas participan en la caminata saludable del Consultori m\u00e8dic de la Bisbal del Pened\u00e8s<\/strong><\/p>\n\n\n\n<p>El martes 28 de abril se celebr\u00f3 la caminata saludable organizada por el Consultori m\u00e8dic de la Bisbal del Pened\u00e8s en el marco de la celebraci\u00f3n del D\u00eda Mundial de la Actividad F\u00edsica, bajo el lema \u201cM\u00e1s movimiento, m\u00e1s vida\u201d, con la participaci\u00f3n de cerca de una treintena de personas.<\/p>\n\n\n\n<p>La actividad consisti\u00f3 en un recorrido de 5 kil\u00f3metros por el entorno natural del municipio. Los participantes siguieron la ruta del camino viejo de la Joncosa, tambi\u00e9n conocido como del Cirerol, pasando por el bosque del Batet, la Roja y el camino de les Pubilles, disfrutando del paisaje y del patrimonio natural de la Bisbal del Pened\u00e8s.<\/p>\n\n\n\n<p>Durante la caminata se pudieron observar cuatro barracas de piedra seca. Los margeners bisbalencs Ramon y Joan Rovira ofrecieron una explicaci\u00f3n a los asistentes, acerc\u00e1ndoles a estas construcciones tradicionales.<\/p>\n\n\n\n<p>Al finalizar la actividad, los participantes desayunaron fruta. Desde el Consultori m\u00e8dic de la Bisbal del Pened\u00e8s agradecieron la colaboraci\u00f3n de Senderistes Bisbalencs y las ganas que pusieron todas las personas que participaron. Asimismo, recordaron la importancia de practicar actividad f\u00edsica de forma regular para mantener un buen estado de salud.<\/p>\n","protected":false},"excerpt":{"rendered":"<p>El dimarts 28 d\u2019abril es va celebrar la caminada saludable organitzada pel Consultori m\u00e8dic de la Bisbal del Pened\u00e8s en el marc de la celebraci\u00f3 del Dia Mundial de l\u2019Activitat &hellip; <a href=\"https:\/\/bisbalpenedes.com\/web\/2026\/04\/30\/prop-duna-trentena-de-persones-participen-en-la-caminada-saludable-del-consultori-medic-de-la-bisbal-del-penedes\/\" class=\"more-link\">Read More<\/a><\/p>\n","protected":false},"author":4,"featured_media":37842,"comment_status":"closed","ping_status":"closed","sticky":false,"template":"","format":"standard","meta":[],"categories":[19,8,14],"tags":[459,7489,2701,393,1374],"_links":{"self":[{"href":"https:\/\/bisbalpenedes.com\/web\/wp-json\/wp\/v2\/posts\/37840"}],"collection":[{"href":"https:\/\/bisbalpenedes.com\/web\/wp-json\/wp\/v2\/posts"}],"about":[{"href":"https:\/\/bisbalpenedes.com\/web\/wp-json\/wp\/v2\/types\/post"}],"author":[{"embeddable":true,"href":"https:\/\/bisbalpenedes.com\/web\/wp-json\/wp\/v2\/users\/4"}],"replies":[{"embeddable":true,"href":"https:\/\/bisbalpenedes.com\/web\/wp-json\/wp\/v2\/comments?post=37840"}],"version-history":[{"count":1,"href":"https:\/\/bisbalpenedes.com\/web\/wp-json\/wp\/v2\/posts\/37840\/revisions"}],"predecessor-version":[{"id":37843,"href":"https:\/\/bisbalpenedes.com\/web\/wp-json\/wp\/v2\/posts\/37840\/revisions\/37843"}],"wp:featuredmedia":[{"embeddable":true,"href":"https:\/\/bisbalpenedes.com\/web\/wp-json\/wp\/v2\/media\/37842"}],"wp:attachment":[{"href":"https:\/\/bisbalpenedes.com\/web\/wp-json\/wp\/v2\/media?parent=37840"}],"wp:term":[{"taxonomy":"category","embeddable":true,"href":"https:\/\/bisbalpenedes.com\/web\/wp-json\/wp\/v2\/categories?post=37840"},{"taxonomy":"post_tag","embeddable":true,"href":"https:\/\/bisbalpenedes.com\/web\/wp-json\/wp\/v2\/tags?post=37840"}],"curies":[{"name":"wp","href":"https:\/\/api.w.org\/{rel}","templated":true}]}}