{"id":3784,"date":"2017-11-20T14:12:15","date_gmt":"2017-11-20T13:12:15","guid":{"rendered":"http:\/\/bisbalpenedes.com\/web\/?p=3784"},"modified":"2017-11-20T14:23:08","modified_gmt":"2017-11-20T13:23:08","slug":"la-bisbal-acollira-la-xxi-trobada-nacional-de-la-federacio-dels-tres-tombs-de-catalunya","status":"publish","type":"post","link":"https:\/\/bisbalpenedes.com\/web\/2017\/11\/20\/la-bisbal-acollira-la-xxi-trobada-nacional-de-la-federacio-dels-tres-tombs-de-catalunya\/","title":{"rendered":"La Bisbal acollir\u00e0 la XXI Trobada Nacional de la Federaci\u00f3 dels Tres Tombs de Catalunya"},"content":{"rendered":"<p><span style=\"color: #000000;\"><strong>A m\u00e9s la vila ser\u00e0 la seu del Preg\u00f3 2018 el dijous 11 de gener de 2018<\/strong><\/span><\/p>\n<p><span style=\"color: #000000;\">La vila de la Bisbal acollir\u00e0 la XXI Trobada Nacional de la Federaci\u00f3 Catalana dels Tres Tombs el diumenge 6 de maig de 2018. Aquesta trobada, que s\u2019organitza conjuntament entre la Federaci\u00f3 Catalana dels Tres Tombs i l\u2019Ajuntament de La Bisbal del Pened\u00e8s, serveix per posar fi a la temporada.<\/span><\/p>\n<p><span style=\"color: #000000;\">Aix\u00ed, La Bisbal es convertir\u00e0 en la capital dels Tres Tombs i donar\u00e0 <strong>inici a la temporada<\/strong> <em>traginera<\/em> amb el preg\u00f3 del <strong>dijous 11 de gener<\/strong> (20h) a l\u2019auditori del Centre Municipal de Cultura (CMC) de La Bisbal. La pregonera dels Tres Tombs 2018 ser\u00e0 l\u2019alcaldessa de Vilanova i la Geltr\u00fa, Neus Lloveras, ja que a la capital del Garraf es viu aquesta festa amb molta intensitat. La gran festa d\u2019inici de temporada comptar\u00e0 tamb\u00e9 amb representants dels pobles federats amb les seves banderes i estendards centenaris.<\/span><\/p>\n<p><span style=\"color: #000000;\">El dia <strong>6 de maig<\/strong> la Bisbal tornar\u00e0 per unes hores al so, avui festiu i abans de tr\u00e0nsit diari, dels carros i cavalls trepitjant els carrers\u00a0 amb la celebraci\u00f3 de la <strong>XXI Trobada Nacional dels Tres Tombs<\/strong>. Durant la trobada es dur\u00e0 a terme la presentaci\u00f3 oficial del \u201cDec\u00e0leg dels Tres Tombs\u201d, un document que la Federaci\u00f3 porta elaborant des de fa m\u00e9s de 2 anys i que ha de servir per orientar i unificar els criteris de les celebracions arreu del territori.<\/span><\/p>\n<p><span style=\"color: #000000;\"><strong>Aquest dissabte ha tingut lloc una trobada informativa<\/strong><\/span><\/p>\n<p><span style=\"color: #000000;\">Aquest dissabte 18 de novembre la regidora de Cultura de l\u2019Ajuntament de La Bisbal del Pened\u00e8s, Judit Vidal, i l\u2019alcaldessa de la vila, Agn\u00e8s Ferr\u00e9, han assistit a la reuni\u00f3 informativa que ha convocat la Federaci\u00f3 Catalana dels Tres Tombs a Vilanova i la Geltr\u00fa. Durant l\u2019acte s\u2019ha presentat el calendari del 2018 que la Federaci\u00f3 ha editat amb fotografies del 3r Concurs d\u2019Instagram i tamb\u00e9 s\u2019han donat a con\u00e8ixer les diferents trobades programades al llarg dels dos primers semestres de 2018.<\/span><\/p>\n<h6 style=\"text-align: center;\"><span style=\"color: #000000;\"><a style=\"color: #000000;\" href=\"http:\/\/bisbalpenedes.com\/web\/wp-content\/uploads\/2017\/11\/Reunio-Informativa-Vilanova-2.jpg\"><img loading=\"lazy\" class=\"aligncenter size-large wp-image-3788\" src=\"http:\/\/bisbalpenedes.com\/web\/wp-content\/uploads\/2017\/11\/Reunio-Informativa-Vilanova-2-1024x768.jpg\" alt=\"Reunio Informativa Vilanova 2\" width=\"630\" height=\"473\" srcset=\"https:\/\/bisbalpenedes.com\/web\/wp-content\/uploads\/2017\/11\/Reunio-Informativa-Vilanova-2-1024x768.jpg 1024w, https:\/\/bisbalpenedes.com\/web\/wp-content\/uploads\/2017\/11\/Reunio-Informativa-Vilanova-2-600x450.jpg 600w, https:\/\/bisbalpenedes.com\/web\/wp-content\/uploads\/2017\/11\/Reunio-Informativa-Vilanova-2-300x225.jpg 300w, https:\/\/bisbalpenedes.com\/web\/wp-content\/uploads\/2017\/11\/Reunio-Informativa-Vilanova-2-768x576.jpg 768w, https:\/\/bisbalpenedes.com\/web\/wp-content\/uploads\/2017\/11\/Reunio-Informativa-Vilanova-2.jpg 1600w\" sizes=\"(max-width: 630px) 100vw, 630px\" \/><\/a>Reuni\u00f3 informativa a Vilanova. A la foto (d&#8217;esquerra a dreta) Judit Vidal, regidora de Cultura de La Bisbal; Agn\u00e8s Ferr\u00e9, alcaldessa de La Bisal; T\u00e0nia Guasch, presidenta de la Federaci\u00f3 dels Tres Tombs<\/span><\/h6>\n<p><span style=\"color: #000000;\"><strong>La recuperaci\u00f3 de la celebraci\u00f3 dels Tres Tombs a La Bisbal<\/strong><\/span><\/p>\n<p><span style=\"color: #000000;\"><a style=\"color: #000000;\" href=\"http:\/\/bisbalpenedes.com\/web\/wp-content\/uploads\/2017\/11\/Membres-de-lAssociacio-dels-3-tombs-de-La-Bisbal.jpg\"><img loading=\"lazy\" class=\"aligncenter size-large wp-image-3786\" src=\"http:\/\/bisbalpenedes.com\/web\/wp-content\/uploads\/2017\/11\/Membres-de-lAssociacio-dels-3-tombs-de-La-Bisbal-1024x651.jpg\" alt=\"Membres de l'Associacio dels 3 tombs de La Bisbal\" width=\"630\" height=\"401\" srcset=\"https:\/\/bisbalpenedes.com\/web\/wp-content\/uploads\/2017\/11\/Membres-de-lAssociacio-dels-3-tombs-de-La-Bisbal-1024x651.jpg 1024w, https:\/\/bisbalpenedes.com\/web\/wp-content\/uploads\/2017\/11\/Membres-de-lAssociacio-dels-3-tombs-de-La-Bisbal-600x381.jpg 600w, https:\/\/bisbalpenedes.com\/web\/wp-content\/uploads\/2017\/11\/Membres-de-lAssociacio-dels-3-tombs-de-La-Bisbal-300x191.jpg 300w, https:\/\/bisbalpenedes.com\/web\/wp-content\/uploads\/2017\/11\/Membres-de-lAssociacio-dels-3-tombs-de-La-Bisbal-768x488.jpg 768w\" sizes=\"(max-width: 630px) 100vw, 630px\" \/><\/a><\/span><\/p>\n<p><span style=\"color: #000000;\">La Tradici\u00f3 dels Tres Tombs es fa en honor a Sant Antoni Abat, patr\u00f3 dels animals dom\u00e8stics i dels traginers. Tot i que aquest sant se celebra el 17 de gener, durant quatre mesos diversos municipis de Catalunya treuen al carrer cavalls, carros i carruatges.<\/span><\/p>\n<p><span style=\"color: #000000;\">En el cas de La Bisbal, aquesta festa es va celebrar a partir de l\u2019any 1992, quan l\u2019alcalde del municipi d\u2019aleshores, Joan Poch, va proposar a dos bisbalencs, el Rafel Vidal i el Josep Rovira, l\u2019organitzaci\u00f3 dels Tres Tombs, ja que ells tenien cavalls i carros. Ambd\u00f3s, van crear una junta amb diverses persones que va organitzar la festa entre els anys 1992 i 2009, planificant el recorregut, l\u2019esmorzar popular i la resta d\u2019activitats que s\u2019hi duien a terme. Durant molts anys aquest grup de persones, que va fer-se un nom dins dels Tres Tombs a Catalunya per la bona organitzaci\u00f3 i per la famosa pujada de la Riba, va comptar amb la col\u00b7laboraci\u00f3 de la Cooperativa, un gran nombre de ve\u00efns i ve\u00efnes de la vila i l\u2019Ajuntament. A m\u00e9s, participaven als Tres Tombs d\u2019altres municipis, portant el nom de La Bisbal arreu de Catalunya. No obstant aix\u00f2 l\u2019any 2010 l\u2019equip de govern de l\u2019Ajuntament de la Bisbal no va autoritzar la celebraci\u00f3 dins dels carrers principals del nucli i aix\u00f2 va fer que la festa es deix\u00e9s de celebrar.<\/span><\/p>\n<p><span style=\"color: #000000;\">L\u2019actual equip de govern ha recuperat la festa i, aquest any 2017, La Bisbal del Pened\u00e8s ha tornat a celebrar els Tres Tombs, sota l\u2019organitzaci\u00f3 de l\u2019Ajuntament i amb el suport i ajuda constant de l\u2019anterior junta dels Tres Tombs. Gr\u00e0cies al Rafel, el Josep, el Joan, el Pere, el Miquel i el Joan, i amb el suport i l\u2019organitzaci\u00f3 de l\u2019equip de govern, s\u2019ha pogut recuperar aquesta festa que, fins i tot, ha estat present a les escoles amb la finalitat d\u2019explicar als infants en qu\u00e8 consisteix, ja que feia vuit anys que no se celebrava al municipi i hi havia infants que no coneixien la festivitat.<\/span><\/p>\n<p><span style=\"color: #000000;\">Es d\u00f3na el cas que enguany fa vint-i-cint anys que es va celebrar la primera festa dels Tres Tombs a La Bisbal. L\u2019alcaldessa Agn\u00e8s Ferr\u00e9 creu que \u00ab la millor manera de celebrar l\u2019efem\u00e8ride \u00e9s poder acollir la Trobada de la Federaci\u00f3 Nacional dels Tres Tombs de Catalunya 2018\u00a0\u00bb.<\/span><\/p>\n","protected":false},"excerpt":{"rendered":"<p>A m\u00e9s la vila ser\u00e0 la seu del Preg\u00f3 2018 el dijous 11 de gener de 2018 La vila de la Bisbal acollir\u00e0 la XXI Trobada Nacional de la Federaci\u00f3 &hellip; <a href=\"https:\/\/bisbalpenedes.com\/web\/2017\/11\/20\/la-bisbal-acollira-la-xxi-trobada-nacional-de-la-federacio-dels-tres-tombs-de-catalunya\/\" class=\"more-link\">Read More<\/a><\/p>\n","protected":false},"author":4,"featured_media":3786,"comment_status":"closed","ping_status":"closed","sticky":false,"template":"","format":"standard","meta":[],"categories":[13],"tags":[935,933,236,934,936,318,937,932,938,228,939],"_links":{"self":[{"href":"https:\/\/bisbalpenedes.com\/web\/wp-json\/wp\/v2\/posts\/3784"}],"collection":[{"href":"https:\/\/bisbalpenedes.com\/web\/wp-json\/wp\/v2\/posts"}],"about":[{"href":"https:\/\/bisbalpenedes.com\/web\/wp-json\/wp\/v2\/types\/post"}],"author":[{"embeddable":true,"href":"https:\/\/bisbalpenedes.com\/web\/wp-json\/wp\/v2\/users\/4"}],"replies":[{"embeddable":true,"href":"https:\/\/bisbalpenedes.com\/web\/wp-json\/wp\/v2\/comments?post=3784"}],"version-history":[{"count":2,"href":"https:\/\/bisbalpenedes.com\/web\/wp-json\/wp\/v2\/posts\/3784\/revisions"}],"predecessor-version":[{"id":3790,"href":"https:\/\/bisbalpenedes.com\/web\/wp-json\/wp\/v2\/posts\/3784\/revisions\/3790"}],"wp:featuredmedia":[{"embeddable":true,"href":"https:\/\/bisbalpenedes.com\/web\/wp-json\/wp\/v2\/media\/3786"}],"wp:attachment":[{"href":"https:\/\/bisbalpenedes.com\/web\/wp-json\/wp\/v2\/media?parent=3784"}],"wp:term":[{"taxonomy":"category","embeddable":true,"href":"https:\/\/bisbalpenedes.com\/web\/wp-json\/wp\/v2\/categories?post=3784"},{"taxonomy":"post_tag","embeddable":true,"href":"https:\/\/bisbalpenedes.com\/web\/wp-json\/wp\/v2\/tags?post=3784"}],"curies":[{"name":"wp","href":"https:\/\/api.w.org\/{rel}","templated":true}]}}