{"id":37831,"date":"2026-04-30T13:20:13","date_gmt":"2026-04-30T11:20:13","guid":{"rendered":"https:\/\/bisbalpenedes.com\/web\/?p=37831"},"modified":"2026-04-30T15:10:56","modified_gmt":"2026-04-30T13:10:56","slug":"a-partir-del-4-de-maig-es-podra-recollir-el-cubell-sanitari-per-a-bolquers-a-les-oficines-municipals","status":"publish","type":"post","link":"https:\/\/bisbalpenedes.com\/web\/2026\/04\/30\/a-partir-del-4-de-maig-es-podra-recollir-el-cubell-sanitari-per-a-bolquers-a-les-oficines-municipals\/","title":{"rendered":"A partir del 4 de maig es podr\u00e0 recollir el cubell sanitari per a bolquers a les oficines municipals"},"content":{"rendered":"\n<p>A partir del pr\u00f2xim dilluns 4 de maig es podr\u00e0 recollir el cubell sanitari del porta a porta a les oficines municipals.<\/p>\n\n\n\n<p>El cubell vermell est\u00e0 destinat als habitatges on hi ha infants o persones adultes que utilitzen bolquers.<\/p>\n\n\n\n<p>Consulteu els horaris d\u2019atenci\u00f3 a la ciutadania a l\u2019enlla\u00e7: <a href=\"https:\/\/bisbalpenedes.com\/web\/horaris-datencio-a-la-ciutadania\/\">https:\/\/bisbalpenedes.com\/web\/horaris-datencio-a-la-ciutadania\/<\/a><\/p>\n\n\n\n<p>Potser us pot interessar:<\/p>\n\n\n\n<ul><li>Document de la recollida porta a porta a les urbanitzacions: <a href=\"https:\/\/bisbalpenedes.com\/web\/wp-content\/uploads\/2026\/01\/FCC-Porta-a-porta-urbanitzacions.pdf\">https:\/\/bisbalpenedes.com\/web\/wp-content\/uploads\/2026\/01\/FCC-Porta-a-porta-urbanitzacions.pdf<\/a><\/li><li>Document de la recollida porta a porta al nucli: <a href=\"https:\/\/bisbalpenedes.com\/web\/wp-content\/uploads\/2026\/01\/FCC-Porta-a-porta-nucli.pdf\">https:\/\/bisbalpenedes.com\/web\/wp-content\/uploads\/2026\/01\/FCC-Porta-a-porta-nucli.pdf<\/a><\/li><\/ul>\n\n\n\n<p>Teniu dubtes sobre el nou sistema de recollida selectiva porta a porta? Voleu fer una consulta, comunicar una incid\u00e8ncia o fer-nos arribar un suggeriment? <\/p>\n\n\n\n<p>Per tal d\u2019oferir una atenci\u00f3 m\u00e9s directa, clara i personalitzada, hem habilitat una adre\u00e7a de correu electr\u00f2nic espec\u00edfica.<\/p>\n\n\n\n<p>Adreceu totes les q\u00fcestions relacionades amb el porta a porta a <a>residus@bisbalpenedes.com<\/a> i rebreu resposta directa des del departament de Gesti\u00f3 de Residus.<\/p>\n\n\n\n<hr class=\"wp-block-separator has-alpha-channel-opacity\"\/>\n\n\n\n<p>A partir del pr\u00f3ximo lunes 4 de mayo se podr\u00e1 recoger el cubo sanitario del puerta a puerta en las oficinas municipales.<\/p>\n\n\n\n<p>El cubo rojo est\u00e1 destinado a viviendas donde hay ni\u00f1os o personas adultas que utilizan pa\u00f1ales.<\/p>\n\n\n\n<p>Consultad los horarios de atenci\u00f3n a la ciudadan\u00eda en el enlace: <a href=\"https:\/\/bisbalpenedes.com\/web\/horaris-datencio-a-la-ciutadania\/\">https:\/\/bisbalpenedes.com\/web\/horaris-datencio-a-la-ciutadania\/<\/a><\/p>\n\n\n\n<p>Quiz\u00e1s os pueda interesar:<\/p>\n\n\n\n<ul><li>Documento de la recogida puerta a puerta en las urbanizaciones: <a href=\"https:\/\/bisbalpenedes.com\/web\/wp-content\/uploads\/2026\/01\/FCC-Porta-a-porta-urbanitzacions.pdf\">https:\/\/bisbalpenedes.com\/web\/wp-content\/uploads\/2026\/01\/FCC-Porta-a-porta-urbanitzacions.pdf<\/a><\/li><li>Documento de la recogida puerta a puerta en el n\u00facleo: <a href=\"https:\/\/bisbalpenedes.com\/web\/wp-content\/uploads\/2026\/01\/FCC-Porta-a-porta-nucli.pdf\">https:\/\/bisbalpenedes.com\/web\/wp-content\/uploads\/2026\/01\/FCC-Porta-a-porta-nucli.pdf<\/a><\/li><\/ul>\n\n\n\n<p>\u00bfTen\u00e9is dudas sobre el nuevo sistema de recogida selectiva puerta a puerta? \u00bfQuer\u00e9is hacer una consulta, comunicar una incidencia o hacernos llegar una sugerencia? <\/p>\n\n\n\n<p>Para ofrecer una atenci\u00f3n m\u00e1s directa, clara y personalizada, hemos habilitado una direcci\u00f3n de correo electr\u00f3nico espec\u00edfica.<\/p>\n\n\n\n<p>Dirigid todas las cuestiones relacionadas con el puerta a puerta a <a>residus@bisbalpenedes.com<\/a> y recibir\u00e9is respuesta directa desde el departamento de Gesti\u00f3n de Residuos.<\/p>\n","protected":false},"excerpt":{"rendered":"<p>A partir del pr\u00f2xim dilluns 4 de maig es podr\u00e0 recollir el cubell sanitari del porta a porta a les oficines municipals. El cubell vermell est\u00e0 destinat als habitatges on &hellip; <a href=\"https:\/\/bisbalpenedes.com\/web\/2026\/04\/30\/a-partir-del-4-de-maig-es-podra-recollir-el-cubell-sanitari-per-a-bolquers-a-les-oficines-municipals\/\" class=\"more-link\">Read More<\/a><\/p>\n","protected":false},"author":4,"featured_media":37832,"comment_status":"closed","ping_status":"closed","sticky":false,"template":"","format":"standard","meta":[],"categories":[3215,8],"tags":[459,7488,1479,393,1374,1730],"_links":{"self":[{"href":"https:\/\/bisbalpenedes.com\/web\/wp-json\/wp\/v2\/posts\/37831"}],"collection":[{"href":"https:\/\/bisbalpenedes.com\/web\/wp-json\/wp\/v2\/posts"}],"about":[{"href":"https:\/\/bisbalpenedes.com\/web\/wp-json\/wp\/v2\/types\/post"}],"author":[{"embeddable":true,"href":"https:\/\/bisbalpenedes.com\/web\/wp-json\/wp\/v2\/users\/4"}],"replies":[{"embeddable":true,"href":"https:\/\/bisbalpenedes.com\/web\/wp-json\/wp\/v2\/comments?post=37831"}],"version-history":[{"count":5,"href":"https:\/\/bisbalpenedes.com\/web\/wp-json\/wp\/v2\/posts\/37831\/revisions"}],"predecessor-version":[{"id":37845,"href":"https:\/\/bisbalpenedes.com\/web\/wp-json\/wp\/v2\/posts\/37831\/revisions\/37845"}],"wp:featuredmedia":[{"embeddable":true,"href":"https:\/\/bisbalpenedes.com\/web\/wp-json\/wp\/v2\/media\/37832"}],"wp:attachment":[{"href":"https:\/\/bisbalpenedes.com\/web\/wp-json\/wp\/v2\/media?parent=37831"}],"wp:term":[{"taxonomy":"category","embeddable":true,"href":"https:\/\/bisbalpenedes.com\/web\/wp-json\/wp\/v2\/categories?post=37831"},{"taxonomy":"post_tag","embeddable":true,"href":"https:\/\/bisbalpenedes.com\/web\/wp-json\/wp\/v2\/tags?post=37831"}],"curies":[{"name":"wp","href":"https:\/\/api.w.org\/{rel}","templated":true}]}}