{"id":37825,"date":"2026-04-29T20:16:48","date_gmt":"2026-04-29T18:16:48","guid":{"rendered":"https:\/\/bisbalpenedes.com\/web\/?p=37825"},"modified":"2026-04-29T20:16:49","modified_gmt":"2026-04-29T18:16:49","slug":"la-bisbal-del-penedes-donara-el-tret-de-sortida-a-la-temporada-del-ball-de-diables-amb-un-correfoc-el-16-de-maig-2","status":"publish","type":"post","link":"https:\/\/bisbalpenedes.com\/web\/2026\/04\/29\/la-bisbal-del-penedes-donara-el-tret-de-sortida-a-la-temporada-del-ball-de-diables-amb-un-correfoc-el-16-de-maig-2\/","title":{"rendered":"La Bisbal del Pened\u00e8s donar\u00e0 el tret de sortida a la temporada del Ball de Diables amb un correfoc el 16 de maig"},"content":{"rendered":"\n<p>El Ball de Diables de la Bisbal del Pened\u00e8s donar\u00e0 inici a la seva temporada el pr\u00f2xim dissabte 16 de maig amb \u201cLa Bisbal Diab\u00f2lica\u201d, que inclour\u00e0 un correfoc a les 21.30 h.<\/p>\n\n\n\n<p>L\u2019acte comptar\u00e0 amb la participaci\u00f3 de tres colles convidades: el Ball de Diables de Sant Mart\u00ed Sarroca, el Ball de Diables del Catllar i el Ball de Diables de Constant\u00ed, que acompanyaran la colla local en aquesta primera gran cita de l\u2019any.<\/p>\n\n\n\n<p>El correfoc omplir\u00e0 els carrers de foc, m\u00fasica i tradici\u00f3, en una proposta que dona el tret de sortida a una nova temporada plena d\u2019activitat per part del Ball de Diables de la Bisbal del Pened\u00e8s.<\/p>\n\n\n\n<p>Un cop finalitzi el correfoc, la festa continuar\u00e0 amb m\u00fasica i karaoke.<\/p>\n\n\n\n<hr class=\"wp-block-separator has-alpha-channel-opacity\"\/>\n\n\n\n<p>El Ball de Diables de la Bisbal del Pened\u00e8s dar\u00e1 inicio a su temporada el pr\u00f3ximo s\u00e1bado 16 de mayo con \u201cLa Bisbal Diab\u00f2lica\u201d, que incluir\u00e1 un correfoc a las 21.30 h.<\/p>\n\n\n\n<p>El acto contar\u00e1 con la participaci\u00f3n de tres collas invitadas: el Ball de Diables de Sant Mart\u00ed Sarroca, el Ball de Diables del Catllar y el Ball de Diables de Constant\u00ed, que acompa\u00f1ar\u00e1n a la colla local en esta primera gran cita del a\u00f1o.<\/p>\n\n\n\n<p>El correfoc llenar\u00e1 las calles de fuego, m\u00fasica y tradici\u00f3n, en una propuesta que da el pistoletazo de salida a una nueva temporada llena de actividad por parte del Ball de Diables de la Bisbal del Pened\u00e8s.<\/p>\n\n\n\n<p>Una vez finalice el correfoc, la fiesta continuar\u00e1 con m\u00fasica y karaoke.<\/p>\n","protected":false},"excerpt":{"rendered":"<p>El Ball de Diables de la Bisbal del Pened\u00e8s donar\u00e0 inici a la seva temporada el pr\u00f2xim dissabte 16 de maig amb \u201cLa Bisbal Diab\u00f2lica\u201d, que inclour\u00e0 un correfoc a &hellip; <a href=\"https:\/\/bisbalpenedes.com\/web\/2026\/04\/29\/la-bisbal-del-penedes-donara-el-tret-de-sortida-a-la-temporada-del-ball-de-diables-amb-un-correfoc-el-16-de-maig-2\/\" class=\"more-link\">Read More<\/a><\/p>\n","protected":false},"author":4,"featured_media":37813,"comment_status":"closed","ping_status":"closed","sticky":false,"template":"","format":"standard","meta":[],"categories":[8],"tags":[459,7487,3162,7485,7486,698,337,393,1374],"_links":{"self":[{"href":"https:\/\/bisbalpenedes.com\/web\/wp-json\/wp\/v2\/posts\/37825"}],"collection":[{"href":"https:\/\/bisbalpenedes.com\/web\/wp-json\/wp\/v2\/posts"}],"about":[{"href":"https:\/\/bisbalpenedes.com\/web\/wp-json\/wp\/v2\/types\/post"}],"author":[{"embeddable":true,"href":"https:\/\/bisbalpenedes.com\/web\/wp-json\/wp\/v2\/users\/4"}],"replies":[{"embeddable":true,"href":"https:\/\/bisbalpenedes.com\/web\/wp-json\/wp\/v2\/comments?post=37825"}],"version-history":[{"count":1,"href":"https:\/\/bisbalpenedes.com\/web\/wp-json\/wp\/v2\/posts\/37825\/revisions"}],"predecessor-version":[{"id":37829,"href":"https:\/\/bisbalpenedes.com\/web\/wp-json\/wp\/v2\/posts\/37825\/revisions\/37829"}],"wp:featuredmedia":[{"embeddable":true,"href":"https:\/\/bisbalpenedes.com\/web\/wp-json\/wp\/v2\/media\/37813"}],"wp:attachment":[{"href":"https:\/\/bisbalpenedes.com\/web\/wp-json\/wp\/v2\/media?parent=37825"}],"wp:term":[{"taxonomy":"category","embeddable":true,"href":"https:\/\/bisbalpenedes.com\/web\/wp-json\/wp\/v2\/categories?post=37825"},{"taxonomy":"post_tag","embeddable":true,"href":"https:\/\/bisbalpenedes.com\/web\/wp-json\/wp\/v2\/tags?post=37825"}],"curies":[{"name":"wp","href":"https:\/\/api.w.org\/{rel}","templated":true}]}}