{"id":37807,"date":"2026-04-29T14:29:26","date_gmt":"2026-04-29T12:29:26","guid":{"rendered":"https:\/\/bisbalpenedes.com\/web\/?p=37807"},"modified":"2026-04-29T14:30:55","modified_gmt":"2026-04-29T12:30:55","slug":"el-4t-aniversari-de-pica-se-celebrara-el-10-de-maig-al-priorat-de-la-bisbal","status":"publish","type":"post","link":"https:\/\/bisbalpenedes.com\/web\/2026\/04\/29\/el-4t-aniversari-de-pica-se-celebrara-el-10-de-maig-al-priorat-de-la-bisbal\/","title":{"rendered":"El 4t aniversari de PICA se celebrar\u00e0 el 10 de maig al Priorat de la Bisbal"},"content":{"rendered":"\n<p>El diumenge 10 de maig de 2026, a partir de les 9 h, el local social del Priorat de la Bisbal (avinguda del Priorat, 1) acollir\u00e0 el 4t aniversari de <a href=\"https:\/\/picacatalunya.com\/\" target=\"_blank\" rel=\"noreferrer noopener\">PICA Catalunya.<\/a><\/p>\n\n\n\n<p>L\u2019esdeveniment solidari, obert a tot tipus de motos, fam\u00edlies i infants, inclour\u00e0 m\u00fasica, sortejos, estands, foodtrucks, activitats per als m\u00e9s petits, un espai de tatuatges i moltes sorpreses.<\/p>\n\n\n\n<p>PICA \u00e9s una associaci\u00f3 motorista ben\u00e8fica i sense \u00e0nim de lucre dedicada a l\u2019ajuda i l\u2019acompanyament de menors v\u00edctimes d\u2019abusos f\u00edsics, psicol\u00f2gics i sexuals.<\/p>\n\n\n\n<hr class=\"wp-block-separator has-alpha-channel-opacity\"\/>\n\n\n\n<p><strong>El 4\u00ba aniversario de PICA se celebrar\u00e1 el 10 de mayo en el Priorat de la Bisbal<\/strong><\/p>\n\n\n\n<p>El domingo 10 de mayo de 2026, a partir de las 9 h, el local social del Priorat de la Bisbal (avinguda del Priorat, 1) acoger\u00e1 el 4\u00ba aniversario de <a href=\"https:\/\/picacatalunya.com\/\" target=\"_blank\" rel=\"noreferrer noopener\">PICA Catalunya.<\/a><\/p>\n\n\n\n<p>El evento solidario, abierto a todo tipo de motos, familias y ni\u00f1os, incluir\u00e1 m\u00fasica, sorteos, stands, foodtrucks, actividades para los m\u00e1s peque\u00f1os, un espacio de tatuajes y muchas sorpresas.<\/p>\n\n\n\n<p>PICA es una asociaci\u00f3n motorista ben\u00e9fica y sin \u00e1nimo de lucro dedicada a la ayuda y el acompa\u00f1amiento de menores v\u00edctimas de abusos f\u00edsicos, psicol\u00f3gicos y sexuales.<\/p>\n","protected":false},"excerpt":{"rendered":"<p>El diumenge 10 de maig de 2026, a partir de les 9 h, el local social del Priorat de la Bisbal (avinguda del Priorat, 1) acollir\u00e0 el 4t aniversari de &hellip; <a href=\"https:\/\/bisbalpenedes.com\/web\/2026\/04\/29\/el-4t-aniversari-de-pica-se-celebrara-el-10-de-maig-al-priorat-de-la-bisbal\/\" class=\"more-link\">Read More<\/a><\/p>\n","protected":false},"author":4,"featured_media":37808,"comment_status":"closed","ping_status":"closed","sticky":false,"template":"","format":"standard","meta":[],"categories":[20,8],"tags":[7484,393,5550,7483,520],"_links":{"self":[{"href":"https:\/\/bisbalpenedes.com\/web\/wp-json\/wp\/v2\/posts\/37807"}],"collection":[{"href":"https:\/\/bisbalpenedes.com\/web\/wp-json\/wp\/v2\/posts"}],"about":[{"href":"https:\/\/bisbalpenedes.com\/web\/wp-json\/wp\/v2\/types\/post"}],"author":[{"embeddable":true,"href":"https:\/\/bisbalpenedes.com\/web\/wp-json\/wp\/v2\/users\/4"}],"replies":[{"embeddable":true,"href":"https:\/\/bisbalpenedes.com\/web\/wp-json\/wp\/v2\/comments?post=37807"}],"version-history":[{"count":2,"href":"https:\/\/bisbalpenedes.com\/web\/wp-json\/wp\/v2\/posts\/37807\/revisions"}],"predecessor-version":[{"id":37810,"href":"https:\/\/bisbalpenedes.com\/web\/wp-json\/wp\/v2\/posts\/37807\/revisions\/37810"}],"wp:featuredmedia":[{"embeddable":true,"href":"https:\/\/bisbalpenedes.com\/web\/wp-json\/wp\/v2\/media\/37808"}],"wp:attachment":[{"href":"https:\/\/bisbalpenedes.com\/web\/wp-json\/wp\/v2\/media?parent=37807"}],"wp:term":[{"taxonomy":"category","embeddable":true,"href":"https:\/\/bisbalpenedes.com\/web\/wp-json\/wp\/v2\/categories?post=37807"},{"taxonomy":"post_tag","embeddable":true,"href":"https:\/\/bisbalpenedes.com\/web\/wp-json\/wp\/v2\/tags?post=37807"}],"curies":[{"name":"wp","href":"https:\/\/api.w.org\/{rel}","templated":true}]}}