{"id":37798,"date":"2026-04-29T13:49:30","date_gmt":"2026-04-29T11:49:30","guid":{"rendered":"https:\/\/bisbalpenedes.com\/web\/?p=37798"},"modified":"2026-04-29T13:52:44","modified_gmt":"2026-04-29T11:52:44","slug":"la-revista-municipal-torre-de-guaita-ja-esta-disponible-amb-ledicio-de-marc","status":"publish","type":"post","link":"https:\/\/bisbalpenedes.com\/web\/2026\/04\/29\/la-revista-municipal-torre-de-guaita-ja-esta-disponible-amb-ledicio-de-marc\/","title":{"rendered":"L\u2019edici\u00f3 digital del mes de mar\u00e7 de la revista Torre de Guaita ja est\u00e0 disponible"},"content":{"rendered":"\n<p>La revista municipal Torre de Guaita ja es pot consultar i descarregar en format digital amb la seva darrera edici\u00f3 corresponent al mes de <a href=\"https:\/\/bisbalpenedes.com\/web\/wp-content\/uploads\/2026\/04\/Torre_de_Guaita-2026-03.pdf\" target=\"_blank\" rel=\"noreferrer noopener\">mar\u00e7.<\/a><\/p>\n\n\n\n<p>En aquest enlla\u00e7 podeu accedir a l\u2019espai on es recullen totes les edicions publicades i descarregar-ne el contingut:<br><a href=\"https:\/\/bisbalpenedes.com\/web\/portfolio\/revista-torre-de-guaita\/\">https:\/\/bisbalpenedes.com\/web\/portfolio\/revista-torre-de-guaita\/<\/a><\/p>\n\n\n\n<p>Aquest espai s\u2019ha actualitzat recentment amb la incorporaci\u00f3 de l\u2019\u00faltim n\u00famero, que inclou l\u2019actualitat municipal i continguts d\u2019inter\u00e8s del municipi.<\/p>\n\n\n\n<hr class=\"wp-block-separator has-alpha-channel-opacity\"\/>\n\n\n\n<p>La revista municipal Torre de Guaita ya est\u00e1 disponible con la edici\u00f3n de marzo<\/p>\n\n\n\n<p>La revista municipal Torre de Guaita ya se puede consultar y descargar en formato digital con su \u00faltima edici\u00f3n correspondiente al mes de <a href=\"https:\/\/bisbalpenedes.com\/web\/wp-content\/uploads\/2026\/04\/Torre_de_Guaita-2026-03.pdf\" target=\"_blank\" rel=\"noreferrer noopener\">marzo.<\/a><\/p>\n\n\n\n<p>En este enlace pod\u00e9is acceder al espacio donde se recogen todas las ediciones publicadas y descargar su contenido:<br><a href=\"https:\/\/bisbalpenedes.com\/web\/portfolio\/revista-torre-de-guaita\/\">https:\/\/bisbalpenedes.com\/web\/portfolio\/revista-torre-de-guaita\/<\/a><\/p>\n\n\n\n<p>Este espacio se ha actualizado recientemente con la incorporaci\u00f3n del \u00faltimo n\u00famero, que incluye la actualidad municipal y contenidos de inter\u00e9s del municipio.<\/p>\n","protected":false},"excerpt":{"rendered":"<p>La revista municipal Torre de Guaita ja es pot consultar i descarregar en format digital amb la seva darrera edici\u00f3 corresponent al mes de mar\u00e7. En aquest enlla\u00e7 podeu accedir &hellip; <a href=\"https:\/\/bisbalpenedes.com\/web\/2026\/04\/29\/la-revista-municipal-torre-de-guaita-ja-esta-disponible-amb-ledicio-de-marc\/\" class=\"more-link\">Read More<\/a><\/p>\n","protected":false},"author":4,"featured_media":37799,"comment_status":"closed","ping_status":"closed","sticky":false,"template":"","format":"standard","meta":[],"categories":[8,2607],"tags":[459,393,1374,2609],"_links":{"self":[{"href":"https:\/\/bisbalpenedes.com\/web\/wp-json\/wp\/v2\/posts\/37798"}],"collection":[{"href":"https:\/\/bisbalpenedes.com\/web\/wp-json\/wp\/v2\/posts"}],"about":[{"href":"https:\/\/bisbalpenedes.com\/web\/wp-json\/wp\/v2\/types\/post"}],"author":[{"embeddable":true,"href":"https:\/\/bisbalpenedes.com\/web\/wp-json\/wp\/v2\/users\/4"}],"replies":[{"embeddable":true,"href":"https:\/\/bisbalpenedes.com\/web\/wp-json\/wp\/v2\/comments?post=37798"}],"version-history":[{"count":2,"href":"https:\/\/bisbalpenedes.com\/web\/wp-json\/wp\/v2\/posts\/37798\/revisions"}],"predecessor-version":[{"id":37801,"href":"https:\/\/bisbalpenedes.com\/web\/wp-json\/wp\/v2\/posts\/37798\/revisions\/37801"}],"wp:featuredmedia":[{"embeddable":true,"href":"https:\/\/bisbalpenedes.com\/web\/wp-json\/wp\/v2\/media\/37799"}],"wp:attachment":[{"href":"https:\/\/bisbalpenedes.com\/web\/wp-json\/wp\/v2\/media?parent=37798"}],"wp:term":[{"taxonomy":"category","embeddable":true,"href":"https:\/\/bisbalpenedes.com\/web\/wp-json\/wp\/v2\/categories?post=37798"},{"taxonomy":"post_tag","embeddable":true,"href":"https:\/\/bisbalpenedes.com\/web\/wp-json\/wp\/v2\/tags?post=37798"}],"curies":[{"name":"wp","href":"https:\/\/api.w.org\/{rel}","templated":true}]}}