{"id":37794,"date":"2026-04-29T13:46:41","date_gmt":"2026-04-29T11:46:41","guid":{"rendered":"https:\/\/bisbalpenedes.com\/web\/?p=37794"},"modified":"2026-04-29T13:46:42","modified_gmt":"2026-04-29T11:46:42","slug":"entrevista-a-la-sheila-moreno-del-bar-lesplai","status":"publish","type":"post","link":"https:\/\/bisbalpenedes.com\/web\/2026\/04\/29\/entrevista-a-la-sheila-moreno-del-bar-lesplai\/","title":{"rendered":"Entrevista a la Sheila Moreno del Bar l&#8217;Esplai"},"content":{"rendered":"\n<p>El Bar L\u2019Esplai, situat al local social, \u00e9s un espai de trobada amb cuina casolana i ambient familiar.&nbsp;<\/p>\n\n\n\n<p>Compartim l\u2019entrevista que li vam fer a la Sheila Moreno perqu\u00e8 pugueu con\u00e8ixer millor aquest establiment del municipi.<\/p>\n\n\n\n<p>En cada nova edici\u00f3 de la revista municipal podeu trobar una entrevista a un establiment local per donar-lo a con\u00e8ixer entre tota la ciutadania. Aquesta iniciativa de la Regidoria de Comer\u00e7 persegueix l\u2019objectiu de promoure i promocionar el teixit comercial bisbalenc.<\/p>\n\n\n\n<hr class=\"wp-block-separator has-alpha-channel-opacity\"\/>\n\n\n\n<p>El Bar L\u2019Esplai, situado en el local social, es un espacio de encuentro con cocina casera y ambiente familiar.&nbsp;<\/p>\n\n\n\n<p>Compartimos la entrevista que le hicimos a Sheila Moreno para que pod\u00e1is conocer mejor este establecimiento del municipio.<\/p>\n\n\n\n<p>En cada nueva edici\u00f3n de la revista municipal pod\u00e9is encontrar una entrevista a un establecimiento local para darlo a conocer entre toda la ciudadan\u00eda. Esta iniciativa de la Concejal\u00eda de Comercio persigue el objetivo de promover y promocionar el tejido comercial bisbalenc.<\/p>\n","protected":false},"excerpt":{"rendered":"<p>El Bar L\u2019Esplai, situat al local social, \u00e9s un espai de trobada amb cuina casolana i ambient familiar.&nbsp; Compartim l\u2019entrevista que li vam fer a la Sheila Moreno perqu\u00e8 pugueu &hellip; <a href=\"https:\/\/bisbalpenedes.com\/web\/2026\/04\/29\/entrevista-a-la-sheila-moreno-del-bar-lesplai\/\" class=\"more-link\">Read More<\/a><\/p>\n","protected":false},"author":4,"featured_media":37795,"comment_status":"closed","ping_status":"closed","sticky":false,"template":"","format":"standard","meta":[],"categories":[3860,8],"tags":[459,140,7481,4204,3294,393,1374,4115,7482],"_links":{"self":[{"href":"https:\/\/bisbalpenedes.com\/web\/wp-json\/wp\/v2\/posts\/37794"}],"collection":[{"href":"https:\/\/bisbalpenedes.com\/web\/wp-json\/wp\/v2\/posts"}],"about":[{"href":"https:\/\/bisbalpenedes.com\/web\/wp-json\/wp\/v2\/types\/post"}],"author":[{"embeddable":true,"href":"https:\/\/bisbalpenedes.com\/web\/wp-json\/wp\/v2\/users\/4"}],"replies":[{"embeddable":true,"href":"https:\/\/bisbalpenedes.com\/web\/wp-json\/wp\/v2\/comments?post=37794"}],"version-history":[{"count":1,"href":"https:\/\/bisbalpenedes.com\/web\/wp-json\/wp\/v2\/posts\/37794\/revisions"}],"predecessor-version":[{"id":37796,"href":"https:\/\/bisbalpenedes.com\/web\/wp-json\/wp\/v2\/posts\/37794\/revisions\/37796"}],"wp:featuredmedia":[{"embeddable":true,"href":"https:\/\/bisbalpenedes.com\/web\/wp-json\/wp\/v2\/media\/37795"}],"wp:attachment":[{"href":"https:\/\/bisbalpenedes.com\/web\/wp-json\/wp\/v2\/media?parent=37794"}],"wp:term":[{"taxonomy":"category","embeddable":true,"href":"https:\/\/bisbalpenedes.com\/web\/wp-json\/wp\/v2\/categories?post=37794"},{"taxonomy":"post_tag","embeddable":true,"href":"https:\/\/bisbalpenedes.com\/web\/wp-json\/wp\/v2\/tags?post=37794"}],"curies":[{"name":"wp","href":"https:\/\/api.w.org\/{rel}","templated":true}]}}