{"id":37782,"date":"2026-04-29T13:13:56","date_gmt":"2026-04-29T11:13:56","guid":{"rendered":"https:\/\/bisbalpenedes.com\/web\/?p=37782"},"modified":"2026-04-29T13:15:14","modified_gmt":"2026-04-29T11:15:14","slug":"la-colla-joves-xiquets-de-valls-fara-parada-a-la-bisbal-del-penedes-amb-la-ruta-del-roser","status":"publish","type":"post","link":"https:\/\/bisbalpenedes.com\/web\/2026\/04\/29\/la-colla-joves-xiquets-de-valls-fara-parada-a-la-bisbal-del-penedes-amb-la-ruta-del-roser\/","title":{"rendered":"La Colla Joves Xiquets de Valls far\u00e0 parada a la Bisbal del Pened\u00e8s amb la Ruta del Roser aquest dissabte 2 de maig"},"content":{"rendered":"\n<p>Aquest dissabte 2 de maig, la Colla Joves Xiquets de Valls dur\u00e0 a terme, un any m\u00e9s, la tradicional caminada de Valls a Vilafranca del Pened\u00e8s, coneguda com la Ruta del Roser. La colla passar\u00e0 per la Bisbal del Pened\u00e8s cap a les 12 h, on far\u00e0 una aturada a la Fassina, el local de la Colla Castellera La Bisbal del Pened\u00e8s &#8211; Els Bous. All\u00e0 hi haur\u00e0 membres de la colla local i del Consistori per rebre\u2019ls, i els participants en la caminada podran recuperar forces i refrescar-se abans de continuar el recorregut cap a Vilafranca.<\/p>\n\n\n\n<p>Aquesta caminada \u00e9s un homenatge als castellers del segle XIX, que es despla\u00e7aven a peu o amb carro fins a Vilafranca per participar en actuacions, no nom\u00e9s per Sant F\u00e8lix, sin\u00f3 tamb\u00e9 en altres festes que organitzava la Confraria de la Mare de D\u00e9u del Roser el primer diumenge de maig.<\/p>\n\n\n\n<p>L\u2019alcaldessa en funcions, Judith Vidal, ha destacat que \u201cens fa molta il\u00b7lusi\u00f3 poder acollir la colla, un any m\u00e9s, en el seu pas pel municipi. Sempre \u00e9s motiu d\u2019alegria tornar-nos a veure i poder estr\u00e8nyer vincles amb les colles castelleres m\u00e9s enll\u00e0 de la nostra diada del 15 d\u2019agost\u201d.<\/p>\n\n\n\n<hr class=\"wp-block-separator has-alpha-channel-opacity\"\/>\n\n\n\n<p><strong>La Colla Joves Xiquets de Valls har\u00e1 parada en la Bisbal del Pened\u00e8s con la Ruta del Roser<\/strong><\/p>\n\n\n\n<p>Este s\u00e1bado 2 de mayo, la Colla Joves Xiquets de Valls llevar\u00e1 a cabo, un a\u00f1o m\u00e1s, la tradicional caminata de Valls a Vilafranca del Pened\u00e8s, conocida como la Ruta del Roser.<\/p>\n\n\n\n<p>La colla pasar\u00e1 por la Bisbal del Pened\u00e8s hacia las 12 h, donde har\u00e1 una parada en La Fassina, el local de la Colla Castellera La Bisbal del Pened\u00e8s &#8211; Els Bous. All\u00ed habr\u00e1 miembros de la colla local y del Consistorio para recibirles, y los participantes en la caminata podr\u00e1n recuperar fuerzas y refrescarse antes de continuar el recorrido hacia Vilafranca.<\/p>\n\n\n\n<p>Esta caminata es un homenaje a los castellers del siglo XIX, que se desplazaban a pie o en carro hasta Vilafranca para participar en actuaciones, no solo por Sant F\u00e8lix, sino tambi\u00e9n en otras fiestas que organizaba la Confraria de la Mare de D\u00e9u del Roser el primer domingo de mayo.<\/p>\n\n\n\n<p>La alcaldesa en funciones, Judith Vidal, ha destacado que \u201cnos hace mucha ilusi\u00f3n poder acoger a la colla, un a\u00f1o m\u00e1s, en su paso por el municipio. Siempre es motivo de alegr\u00eda volver a vernos y poder estrechar v\u00ednculos con las colles castelleres m\u00e1s all\u00e1 de nuestra diada del 15 de agosto\u201d.<\/p>\n\n\n\n<figure class=\"wp-container-2 wp-block-gallery-1 wp-block-gallery has-nested-images columns-default is-cropped\">\n<figure class=\"wp-block-image size-large\"><img loading=\"lazy\" width=\"1024\" height=\"819\" data-id=\"37784\"  src=\"https:\/\/bisbalpenedes.com\/web\/wp-content\/uploads\/2026\/04\/499469790_1114582424029345_8267126015043949400_n-1024x819.jpg\" alt=\"\" class=\"wp-image-37784\" srcset=\"https:\/\/bisbalpenedes.com\/web\/wp-content\/uploads\/2026\/04\/499469790_1114582424029345_8267126015043949400_n-1024x819.jpg 1024w, https:\/\/bisbalpenedes.com\/web\/wp-content\/uploads\/2026\/04\/499469790_1114582424029345_8267126015043949400_n-300x240.jpg 300w, https:\/\/bisbalpenedes.com\/web\/wp-content\/uploads\/2026\/04\/499469790_1114582424029345_8267126015043949400_n-768x614.jpg 768w, https:\/\/bisbalpenedes.com\/web\/wp-content\/uploads\/2026\/04\/499469790_1114582424029345_8267126015043949400_n-1536x1229.jpg 1536w, https:\/\/bisbalpenedes.com\/web\/wp-content\/uploads\/2026\/04\/499469790_1114582424029345_8267126015043949400_n-600x480.jpg 600w, https:\/\/bisbalpenedes.com\/web\/wp-content\/uploads\/2026\/04\/499469790_1114582424029345_8267126015043949400_n.jpg 2048w\" sizes=\"(max-width: 1024px) 100vw, 1024px\" \/><\/figure>\n\n\n\n<figure class=\"wp-block-image size-large\"><img loading=\"lazy\" width=\"819\" height=\"1024\" data-id=\"37785\"  src=\"https:\/\/bisbalpenedes.com\/web\/wp-content\/uploads\/2026\/04\/499503148_1114582497362671_5549701702736547858_n-819x1024.jpg\" alt=\"\" class=\"wp-image-37785\" srcset=\"https:\/\/bisbalpenedes.com\/web\/wp-content\/uploads\/2026\/04\/499503148_1114582497362671_5549701702736547858_n-819x1024.jpg 819w, https:\/\/bisbalpenedes.com\/web\/wp-content\/uploads\/2026\/04\/499503148_1114582497362671_5549701702736547858_n-240x300.jpg 240w, https:\/\/bisbalpenedes.com\/web\/wp-content\/uploads\/2026\/04\/499503148_1114582497362671_5549701702736547858_n-768x960.jpg 768w, https:\/\/bisbalpenedes.com\/web\/wp-content\/uploads\/2026\/04\/499503148_1114582497362671_5549701702736547858_n-1229x1536.jpg 1229w, https:\/\/bisbalpenedes.com\/web\/wp-content\/uploads\/2026\/04\/499503148_1114582497362671_5549701702736547858_n-600x750.jpg 600w, https:\/\/bisbalpenedes.com\/web\/wp-content\/uploads\/2026\/04\/499503148_1114582497362671_5549701702736547858_n.jpg 1638w\" sizes=\"(max-width: 819px) 100vw, 819px\" \/><\/figure>\n\n\n\n<figure class=\"wp-block-image size-large\"><img loading=\"lazy\" width=\"1024\" height=\"819\" data-id=\"37786\"  src=\"https:\/\/bisbalpenedes.com\/web\/wp-content\/uploads\/2026\/04\/499832403_1114582754029312_9002677037361754091_n-1024x819.jpg\" alt=\"\" class=\"wp-image-37786\" srcset=\"https:\/\/bisbalpenedes.com\/web\/wp-content\/uploads\/2026\/04\/499832403_1114582754029312_9002677037361754091_n-1024x819.jpg 1024w, https:\/\/bisbalpenedes.com\/web\/wp-content\/uploads\/2026\/04\/499832403_1114582754029312_9002677037361754091_n-300x240.jpg 300w, https:\/\/bisbalpenedes.com\/web\/wp-content\/uploads\/2026\/04\/499832403_1114582754029312_9002677037361754091_n-768x614.jpg 768w, https:\/\/bisbalpenedes.com\/web\/wp-content\/uploads\/2026\/04\/499832403_1114582754029312_9002677037361754091_n-1536x1229.jpg 1536w, https:\/\/bisbalpenedes.com\/web\/wp-content\/uploads\/2026\/04\/499832403_1114582754029312_9002677037361754091_n-600x480.jpg 600w, https:\/\/bisbalpenedes.com\/web\/wp-content\/uploads\/2026\/04\/499832403_1114582754029312_9002677037361754091_n.jpg 2048w\" sizes=\"(max-width: 1024px) 100vw, 1024px\" \/><\/figure>\n<\/figure>\n\n\n\n<p>*Imatges de l&#8217;any 2025: Ra\u00fal Gallego \u00a9<\/p>\n","protected":false},"excerpt":{"rendered":"<p>Aquest dissabte 2 de maig, la Colla Joves Xiquets de Valls dur\u00e0 a terme, un any m\u00e9s, la tradicional caminada de Valls a Vilafranca del Pened\u00e8s, coneguda com la Ruta &hellip; <a href=\"https:\/\/bisbalpenedes.com\/web\/2026\/04\/29\/la-colla-joves-xiquets-de-valls-fara-parada-a-la-bisbal-del-penedes-amb-la-ruta-del-roser\/\" class=\"more-link\">Read More<\/a><\/p>\n","protected":false},"author":4,"featured_media":37783,"comment_status":"closed","ping_status":"closed","sticky":false,"template":"","format":"standard","meta":[],"categories":[13,8],"tags":[459,378,377,668,3977,1720,393,7480],"_links":{"self":[{"href":"https:\/\/bisbalpenedes.com\/web\/wp-json\/wp\/v2\/posts\/37782"}],"collection":[{"href":"https:\/\/bisbalpenedes.com\/web\/wp-json\/wp\/v2\/posts"}],"about":[{"href":"https:\/\/bisbalpenedes.com\/web\/wp-json\/wp\/v2\/types\/post"}],"author":[{"embeddable":true,"href":"https:\/\/bisbalpenedes.com\/web\/wp-json\/wp\/v2\/users\/4"}],"replies":[{"embeddable":true,"href":"https:\/\/bisbalpenedes.com\/web\/wp-json\/wp\/v2\/comments?post=37782"}],"version-history":[{"count":3,"href":"https:\/\/bisbalpenedes.com\/web\/wp-json\/wp\/v2\/posts\/37782\/revisions"}],"predecessor-version":[{"id":37789,"href":"https:\/\/bisbalpenedes.com\/web\/wp-json\/wp\/v2\/posts\/37782\/revisions\/37789"}],"wp:featuredmedia":[{"embeddable":true,"href":"https:\/\/bisbalpenedes.com\/web\/wp-json\/wp\/v2\/media\/37783"}],"wp:attachment":[{"href":"https:\/\/bisbalpenedes.com\/web\/wp-json\/wp\/v2\/media?parent=37782"}],"wp:term":[{"taxonomy":"category","embeddable":true,"href":"https:\/\/bisbalpenedes.com\/web\/wp-json\/wp\/v2\/categories?post=37782"},{"taxonomy":"post_tag","embeddable":true,"href":"https:\/\/bisbalpenedes.com\/web\/wp-json\/wp\/v2\/tags?post=37782"}],"curies":[{"name":"wp","href":"https:\/\/api.w.org\/{rel}","templated":true}]}}