{"id":37770,"date":"2026-04-28T12:45:22","date_gmt":"2026-04-28T10:45:22","guid":{"rendered":"https:\/\/bisbalpenedes.com\/web\/?p=37770"},"modified":"2026-04-28T12:45:24","modified_gmt":"2026-04-28T10:45:24","slug":"els-espais-demergencia-de-residus-estan-pensats-per-a-situacions-excepcionals","status":"publish","type":"post","link":"https:\/\/bisbalpenedes.com\/web\/2026\/04\/28\/els-espais-demergencia-de-residus-estan-pensats-per-a-situacions-excepcionals\/","title":{"rendered":"Els espais d\u2019emerg\u00e8ncia de residus estan pensats per a situacions excepcionals"},"content":{"rendered":"\n<p>L\u2019Ajuntament de la Bisbal del Pened\u00e8s us recorda que els contenidors instal\u00b7lats de manera provisional a l\u2019exterior del Punt Verd i la futura \u00e0rea d\u2019emerg\u00e8ncia del cam\u00ed del Gosch tenen com a objectiu donar resposta a situacions puntuals i excepcionals.<\/p>\n\n\n\n<p>Aquest servei est\u00e0 pensat \u00fanicament per a casos en qu\u00e8 no es pot fer \u00fas del sistema habitual de recollida porta a porta, com poden ser abs\u00e8ncies puntuals, imprevistos o la necessitat de dipositar residus fora de l\u2019horari establert.<\/p>\n\n\n\n<p>En aquest sentit, cal tenir en compte que el model ordinari de recollida al municipi \u00e9s el porta a porta, i que aquests espais no estan dissenyats per a un \u00fas diari ni com a alternativa habitual.<\/p>\n\n\n\n<p>Com podeu veure en les imatges d&#8217;aquest cap de setmana, s&#8217;ha donat un \u00fas inadequat dels contenidors provisionals, amb acumulaci\u00f3 de residus fora dels espais habilitats. Aquesta situaci\u00f3 dificulta el servei, genera mol\u00e8sties i t\u00e9 un impacte negatiu en l\u2019entorn.<\/p>\n\n\n\n<p>Per aquest motiu, demanem a tota la ciutadania que faci un \u00fas responsable d\u2019aquests punts, dipositant els residus correctament separats i sempre a l\u2019interior dels contenidors.<\/p>\n\n\n\n<p>La col\u00b7laboraci\u00f3 de tothom \u00e9s clau per mantenir un municipi net i ordenat.<br><\/p>\n\n\n\n<hr class=\"wp-block-separator has-alpha-channel-opacity\"\/>\n\n\n\n<p>El Ajuntament de la Bisbal del Pened\u00e8s os recuerda que los contenedores instalados de forma provisional en el exterior del Punt Verd y la futura \u00e1rea de emergencia del cam\u00ed del Gosch tienen como objetivo dar respuesta a situaciones puntuales y excepcionales.<\/p>\n\n\n\n<p>Este servicio est\u00e1 pensado \u00fanicamente para casos en los que no se puede hacer uso del sistema habitual de recogida puerta a puerta, como pueden ser ausencias puntuales, imprevistos o la necesidad de depositar residuos fuera del horario establecido.<\/p>\n\n\n\n<p>En este sentido, es importante tener en cuenta que el modelo ordinario de recogida en el municipio es el puerta a puerta, y que estos espacios no est\u00e1n dise\u00f1ados para un uso diario ni como una alternativa habitual.<\/p>\n\n\n\n<p>Como pod\u00e9is ver en las im\u00e1genes de este fin de semana, se ha producido un uso inadecuado de estos contenedores provisionales, con acumulaci\u00f3n de residuos fuera de los espacios habilitados. Esta situaci\u00f3n dificulta el servicio, genera molestias y tiene un impacto negativo en el entorno.<\/p>\n\n\n\n<p>Por este motivo, pedimos a toda la ciudadan\u00eda que haga un uso responsable de estos puntos, depositando los residuos correctamente separados y siempre en el interior de los contenedores.<\/p>\n\n\n\n<p>La colaboraci\u00f3n de todos es clave para mantener un municipio limpio y ordenado.<\/p>\n\n\n\n<figure class=\"wp-container-2 wp-block-gallery-1 wp-block-gallery has-nested-images columns-default is-cropped\">\n<figure class=\"wp-block-image size-large\"><img loading=\"lazy\" width=\"1024\" height=\"576\" data-id=\"37773\"  src=\"https:\/\/bisbalpenedes.com\/web\/wp-content\/uploads\/2026\/04\/PHOTO-2026-04-26-09-21-46-1024x576.jpg\" alt=\"\" class=\"wp-image-37773\" srcset=\"https:\/\/bisbalpenedes.com\/web\/wp-content\/uploads\/2026\/04\/PHOTO-2026-04-26-09-21-46-1024x576.jpg 1024w, https:\/\/bisbalpenedes.com\/web\/wp-content\/uploads\/2026\/04\/PHOTO-2026-04-26-09-21-46-300x169.jpg 300w, https:\/\/bisbalpenedes.com\/web\/wp-content\/uploads\/2026\/04\/PHOTO-2026-04-26-09-21-46-768x432.jpg 768w, https:\/\/bisbalpenedes.com\/web\/wp-content\/uploads\/2026\/04\/PHOTO-2026-04-26-09-21-46-1536x864.jpg 1536w, https:\/\/bisbalpenedes.com\/web\/wp-content\/uploads\/2026\/04\/PHOTO-2026-04-26-09-21-46-600x338.jpg 600w, https:\/\/bisbalpenedes.com\/web\/wp-content\/uploads\/2026\/04\/PHOTO-2026-04-26-09-21-46.jpg 1920w\" sizes=\"(max-width: 1024px) 100vw, 1024px\" \/><\/figure>\n\n\n\n<figure class=\"wp-block-image size-large\"><img loading=\"lazy\" width=\"1024\" height=\"576\" data-id=\"37772\"  src=\"https:\/\/bisbalpenedes.com\/web\/wp-content\/uploads\/2026\/04\/PHOTO-2026-04-26-09-22-18-1024x576.jpg\" alt=\"\" class=\"wp-image-37772\" srcset=\"https:\/\/bisbalpenedes.com\/web\/wp-content\/uploads\/2026\/04\/PHOTO-2026-04-26-09-22-18-1024x576.jpg 1024w, https:\/\/bisbalpenedes.com\/web\/wp-content\/uploads\/2026\/04\/PHOTO-2026-04-26-09-22-18-300x169.jpg 300w, https:\/\/bisbalpenedes.com\/web\/wp-content\/uploads\/2026\/04\/PHOTO-2026-04-26-09-22-18-768x432.jpg 768w, https:\/\/bisbalpenedes.com\/web\/wp-content\/uploads\/2026\/04\/PHOTO-2026-04-26-09-22-18-1536x864.jpg 1536w, https:\/\/bisbalpenedes.com\/web\/wp-content\/uploads\/2026\/04\/PHOTO-2026-04-26-09-22-18-600x338.jpg 600w, https:\/\/bisbalpenedes.com\/web\/wp-content\/uploads\/2026\/04\/PHOTO-2026-04-26-09-22-18.jpg 1920w\" sizes=\"(max-width: 1024px) 100vw, 1024px\" \/><\/figure>\n\n\n\n<figure class=\"wp-block-image size-large\"><img loading=\"lazy\" width=\"1024\" height=\"576\" data-id=\"37774\"  src=\"https:\/\/bisbalpenedes.com\/web\/wp-content\/uploads\/2026\/04\/PHOTO-2026-04-26-09-22-30-1024x576.jpg\" alt=\"\" class=\"wp-image-37774\" srcset=\"https:\/\/bisbalpenedes.com\/web\/wp-content\/uploads\/2026\/04\/PHOTO-2026-04-26-09-22-30-1024x576.jpg 1024w, https:\/\/bisbalpenedes.com\/web\/wp-content\/uploads\/2026\/04\/PHOTO-2026-04-26-09-22-30-300x169.jpg 300w, https:\/\/bisbalpenedes.com\/web\/wp-content\/uploads\/2026\/04\/PHOTO-2026-04-26-09-22-30-768x432.jpg 768w, https:\/\/bisbalpenedes.com\/web\/wp-content\/uploads\/2026\/04\/PHOTO-2026-04-26-09-22-30-1536x864.jpg 1536w, https:\/\/bisbalpenedes.com\/web\/wp-content\/uploads\/2026\/04\/PHOTO-2026-04-26-09-22-30-600x338.jpg 600w, https:\/\/bisbalpenedes.com\/web\/wp-content\/uploads\/2026\/04\/PHOTO-2026-04-26-09-22-30.jpg 1920w\" sizes=\"(max-width: 1024px) 100vw, 1024px\" \/><\/figure>\n<\/figure>\n","protected":false},"excerpt":{"rendered":"<p>L\u2019Ajuntament de la Bisbal del Pened\u00e8s us recorda que els contenidors instal\u00b7lats de manera provisional a l\u2019exterior del Punt Verd i la futura \u00e0rea d\u2019emerg\u00e8ncia del cam\u00ed del Gosch tenen &hellip; <a href=\"https:\/\/bisbalpenedes.com\/web\/2026\/04\/28\/els-espais-demergencia-de-residus-estan-pensats-per-a-situacions-excepcionals\/\" class=\"more-link\">Read More<\/a><\/p>\n","protected":false},"author":4,"featured_media":37771,"comment_status":"closed","ping_status":"closed","sticky":false,"template":"","format":"standard","meta":[],"categories":[3215,8],"tags":[1479,393,1730],"_links":{"self":[{"href":"https:\/\/bisbalpenedes.com\/web\/wp-json\/wp\/v2\/posts\/37770"}],"collection":[{"href":"https:\/\/bisbalpenedes.com\/web\/wp-json\/wp\/v2\/posts"}],"about":[{"href":"https:\/\/bisbalpenedes.com\/web\/wp-json\/wp\/v2\/types\/post"}],"author":[{"embeddable":true,"href":"https:\/\/bisbalpenedes.com\/web\/wp-json\/wp\/v2\/users\/4"}],"replies":[{"embeddable":true,"href":"https:\/\/bisbalpenedes.com\/web\/wp-json\/wp\/v2\/comments?post=37770"}],"version-history":[{"count":2,"href":"https:\/\/bisbalpenedes.com\/web\/wp-json\/wp\/v2\/posts\/37770\/revisions"}],"predecessor-version":[{"id":37776,"href":"https:\/\/bisbalpenedes.com\/web\/wp-json\/wp\/v2\/posts\/37770\/revisions\/37776"}],"wp:featuredmedia":[{"embeddable":true,"href":"https:\/\/bisbalpenedes.com\/web\/wp-json\/wp\/v2\/media\/37771"}],"wp:attachment":[{"href":"https:\/\/bisbalpenedes.com\/web\/wp-json\/wp\/v2\/media?parent=37770"}],"wp:term":[{"taxonomy":"category","embeddable":true,"href":"https:\/\/bisbalpenedes.com\/web\/wp-json\/wp\/v2\/categories?post=37770"},{"taxonomy":"post_tag","embeddable":true,"href":"https:\/\/bisbalpenedes.com\/web\/wp-json\/wp\/v2\/tags?post=37770"}],"curies":[{"name":"wp","href":"https:\/\/api.w.org\/{rel}","templated":true}]}}