{"id":3777,"date":"2017-11-16T21:52:09","date_gmt":"2017-11-16T20:52:09","guid":{"rendered":"http:\/\/bisbalpenedes.com\/web\/?p=3777"},"modified":"2017-11-16T21:55:19","modified_gmt":"2017-11-16T20:55:19","slug":"lajuntament-de-la-bisbal-ha-condicionat-el-pas-entre-el-carrer-tulipa-i-el-carrer-magnolia-de-la-miralba","status":"publish","type":"post","link":"https:\/\/bisbalpenedes.com\/web\/2017\/11\/16\/lajuntament-de-la-bisbal-ha-condicionat-el-pas-entre-el-carrer-tulipa-i-el-carrer-magnolia-de-la-miralba\/","title":{"rendered":"L&#8217;Ajuntament de La Bisbal ha condicionat el pas entre el carrer Tulipa i el carrer Magn\u00f2lia de La Miralba"},"content":{"rendered":"<p><a href=\"http:\/\/bisbalpenedes.com\/web\/wp-content\/uploads\/2017\/11\/PAS-LA-MIRALBA.jpg\"><img loading=\"lazy\" class=\"aligncenter size-medium wp-image-3778\" src=\"http:\/\/bisbalpenedes.com\/web\/wp-content\/uploads\/2017\/11\/PAS-LA-MIRALBA-225x300.jpg\" alt=\"PAS LA MIRALBA\" width=\"225\" height=\"300\" srcset=\"https:\/\/bisbalpenedes.com\/web\/wp-content\/uploads\/2017\/11\/PAS-LA-MIRALBA-225x300.jpg 225w, https:\/\/bisbalpenedes.com\/web\/wp-content\/uploads\/2017\/11\/PAS-LA-MIRALBA-600x800.jpg 600w, https:\/\/bisbalpenedes.com\/web\/wp-content\/uploads\/2017\/11\/PAS-LA-MIRALBA-768x1024.jpg 768w, https:\/\/bisbalpenedes.com\/web\/wp-content\/uploads\/2017\/11\/PAS-LA-MIRALBA.jpg 1200w\" sizes=\"(max-width: 225px) 100vw, 225px\" \/><\/a><\/p>\n<p><span style=\"font-size: 10.0pt; font-family: 'Verdana','sans-serif';\">L\u2019Ajuntament de La Bisbal ha dut a terme una actuaci\u00f3 al pas entre el carrer Tulipa i el carrer Magn\u00f2lia de La Miralba que ha consistit en condicionar un pas entre els dos carrers per evitar que els ve\u00efns hagin de fer un gran recorregut per passar d\u2019un carrer a l\u2019altre. Si b\u00e9 \u00e9s cert que les escales estaven fetes, el pas estava ple d\u2019herba i no hi havia baranes. L\u2019actuaci\u00f3 ha consistit en netejar el recorregut i instal\u00b7lar una barana per facilitar el pas dels ve\u00efns. Tot i que l\u2019Ajuntament \u00e9s conscient que hi ha altres passos per condicionar, de moment s\u2019ha comen\u00e7at per aquest, una decisi\u00f3 que va ser consensuada entre l\u2019Associaci\u00f3 de ve\u00efns de La Miralba i la Regidoria de Barris.<\/span><\/p>\n","protected":false},"excerpt":{"rendered":"<p>L\u2019Ajuntament de La Bisbal ha dut a terme una actuaci\u00f3 al pas entre el carrer Tulipa i el carrer Magn\u00f2lia de La Miralba que ha consistit en condicionar un pas &hellip; <a href=\"https:\/\/bisbalpenedes.com\/web\/2017\/11\/16\/lajuntament-de-la-bisbal-ha-condicionat-el-pas-entre-el-carrer-tulipa-i-el-carrer-magnolia-de-la-miralba\/\" class=\"more-link\">Read More<\/a><\/p>\n","protected":false},"author":4,"featured_media":3778,"comment_status":"closed","ping_status":"closed","sticky":false,"template":"","format":"standard","meta":[],"categories":[4],"tags":[605,246,928,361,929,927],"_links":{"self":[{"href":"https:\/\/bisbalpenedes.com\/web\/wp-json\/wp\/v2\/posts\/3777"}],"collection":[{"href":"https:\/\/bisbalpenedes.com\/web\/wp-json\/wp\/v2\/posts"}],"about":[{"href":"https:\/\/bisbalpenedes.com\/web\/wp-json\/wp\/v2\/types\/post"}],"author":[{"embeddable":true,"href":"https:\/\/bisbalpenedes.com\/web\/wp-json\/wp\/v2\/users\/4"}],"replies":[{"embeddable":true,"href":"https:\/\/bisbalpenedes.com\/web\/wp-json\/wp\/v2\/comments?post=3777"}],"version-history":[{"count":2,"href":"https:\/\/bisbalpenedes.com\/web\/wp-json\/wp\/v2\/posts\/3777\/revisions"}],"predecessor-version":[{"id":3780,"href":"https:\/\/bisbalpenedes.com\/web\/wp-json\/wp\/v2\/posts\/3777\/revisions\/3780"}],"wp:featuredmedia":[{"embeddable":true,"href":"https:\/\/bisbalpenedes.com\/web\/wp-json\/wp\/v2\/media\/3778"}],"wp:attachment":[{"href":"https:\/\/bisbalpenedes.com\/web\/wp-json\/wp\/v2\/media?parent=3777"}],"wp:term":[{"taxonomy":"category","embeddable":true,"href":"https:\/\/bisbalpenedes.com\/web\/wp-json\/wp\/v2\/categories?post=3777"},{"taxonomy":"post_tag","embeddable":true,"href":"https:\/\/bisbalpenedes.com\/web\/wp-json\/wp\/v2\/tags?post=3777"}],"curies":[{"name":"wp","href":"https:\/\/api.w.org\/{rel}","templated":true}]}}