{"id":37764,"date":"2026-04-28T11:03:48","date_gmt":"2026-04-28T09:03:48","guid":{"rendered":"https:\/\/bisbalpenedes.com\/web\/?p=37764"},"modified":"2026-04-28T11:30:54","modified_gmt":"2026-04-28T09:30:54","slug":"lajuntament-aprova-el-contracte-per-a-les-actuacions-de-la-colla-castellera-els-bous-per-al-2026","status":"publish","type":"post","link":"https:\/\/bisbalpenedes.com\/web\/2026\/04\/28\/lajuntament-aprova-el-contracte-per-a-les-actuacions-de-la-colla-castellera-els-bous-per-al-2026\/","title":{"rendered":"L&#8217;Ajuntament aprova el contracte per a les actuacions de la Colla Castellera La Bisbal del Pened\u00e8s &#8211; Els Bous"},"content":{"rendered":"\n<p>L\u2019Ajuntament de la Bisbal del Pened\u00e8s ha aprovat, mitjan\u00e7ant el decret d\u2019alcaldia del 10 d\u2019abril, el contracte per a les actuacions de la Colla Castellera La Bisbal del Pened\u00e8s \u2013 Els Bous corresponents a la temporada 2026. L\u2019import del contracte \u00e9s de 13.000 euros i inclou l\u2019organitzaci\u00f3 i la participaci\u00f3 en diverses diades castelleres destacades al municipi.<\/p>\n\n\n\n<p>L&#8217;alcaldessa en funcions, Judith Vidal, ha explicat que &#8220;aquesta actuaci\u00f3 s\u2019emmarca dins l\u2019aposta de la Regidoria de Cultura per continuar donant suport a les entitats locals i refor\u00e7ar la programaci\u00f3 cultural, contribuint al desenvolupament de la nova temporada castellera de la colla&#8221;.<\/p>\n\n\n\n<p>Les actuacions previstes dins aquest contracte s\u00f3n:<\/p>\n\n\n\n<ul><li>Diada \u201cIn memoriam\u201d \u2013 11 d\u2019abril<\/li><li>Diada d\u2019apadrinament \u2013 20 de juny<\/li><li>Diada dels Bous \u2013 4 de juliol<\/li><li>Cercavila i actuaci\u00f3 per la Festa Major \u2013 15 d\u2019agost<\/li><li>Diada Nacional de Catalunya \u2013 5 de setembre<\/li><\/ul>\n\n\n\n<hr class=\"wp-block-separator has-alpha-channel-opacity\"\/>\n\n\n\n<p><strong>El Ayuntamiento aprueba el contrato para las actuaciones de la Colla Castellera Els Bous para 2026<\/strong><\/p>\n\n\n\n<p>El Ajuntament de la Bisbal del Pened\u00e8s ha aprobado, mediante decreto de alcald\u00eda del 10 de abril, el contrato para las actuaciones de la Colla Castellera La Bisbal del Pened\u00e8s \u2013 Els Bous correspondientes a la temporada 2026. El importe del contrato es de 13.000 euros e incluye la organizaci\u00f3n y la participaci\u00f3n en diversas diadas castelleras destacadas en el municipio.<\/p>\n\n\n\n<p>La alcaldesa en funciones, Judith Vidal, ha explicado que &#8220;esta actuaci\u00f3n se enmarca dentro de la apuesta de la Regidoria de Cultura por continuar apoyando a las entidades locales y reforzar la programaci\u00f3n cultural, contribuyendo al desarrollo de la nueva temporada castellera de la colla&#8221;.<\/p>\n\n\n\n<p>Las actuaciones previstas dentro de este contrato son:<\/p>\n\n\n\n<ul><li>Diada \u201cIn memoriam\u201d \u2013 11 de abril<\/li><li>Diada de apadrinamiento \u2013 20 de junio<\/li><li>Diada dels Bous \u2013 4 de julio<\/li><li>Pasacalles y actuaci\u00f3n por la Festa Major \u2013 15 de agosto<\/li><li>Diada Nacional de Catalunya \u2013 5 de septiembre<\/li><\/ul>\n","protected":false},"excerpt":{"rendered":"<p>L\u2019Ajuntament de la Bisbal del Pened\u00e8s ha aprovat, mitjan\u00e7ant el decret d\u2019alcaldia del 10 d\u2019abril, el contracte per a les actuacions de la Colla Castellera La Bisbal del Pened\u00e8s \u2013 &hellip; <a href=\"https:\/\/bisbalpenedes.com\/web\/2026\/04\/28\/lajuntament-aprova-el-contracte-per-a-les-actuacions-de-la-colla-castellera-els-bous-per-al-2026\/\" class=\"more-link\">Read More<\/a><\/p>\n","protected":false},"author":4,"featured_media":37765,"comment_status":"closed","ping_status":"closed","sticky":false,"template":"","format":"standard","meta":[],"categories":[13,20,8],"tags":[1745,459,378,377,3977,393],"_links":{"self":[{"href":"https:\/\/bisbalpenedes.com\/web\/wp-json\/wp\/v2\/posts\/37764"}],"collection":[{"href":"https:\/\/bisbalpenedes.com\/web\/wp-json\/wp\/v2\/posts"}],"about":[{"href":"https:\/\/bisbalpenedes.com\/web\/wp-json\/wp\/v2\/types\/post"}],"author":[{"embeddable":true,"href":"https:\/\/bisbalpenedes.com\/web\/wp-json\/wp\/v2\/users\/4"}],"replies":[{"embeddable":true,"href":"https:\/\/bisbalpenedes.com\/web\/wp-json\/wp\/v2\/comments?post=37764"}],"version-history":[{"count":2,"href":"https:\/\/bisbalpenedes.com\/web\/wp-json\/wp\/v2\/posts\/37764\/revisions"}],"predecessor-version":[{"id":37767,"href":"https:\/\/bisbalpenedes.com\/web\/wp-json\/wp\/v2\/posts\/37764\/revisions\/37767"}],"wp:featuredmedia":[{"embeddable":true,"href":"https:\/\/bisbalpenedes.com\/web\/wp-json\/wp\/v2\/media\/37765"}],"wp:attachment":[{"href":"https:\/\/bisbalpenedes.com\/web\/wp-json\/wp\/v2\/media?parent=37764"}],"wp:term":[{"taxonomy":"category","embeddable":true,"href":"https:\/\/bisbalpenedes.com\/web\/wp-json\/wp\/v2\/categories?post=37764"},{"taxonomy":"post_tag","embeddable":true,"href":"https:\/\/bisbalpenedes.com\/web\/wp-json\/wp\/v2\/tags?post=37764"}],"curies":[{"name":"wp","href":"https:\/\/api.w.org\/{rel}","templated":true}]}}