{"id":37762,"date":"2026-04-28T10:51:41","date_gmt":"2026-04-28T08:51:41","guid":{"rendered":"https:\/\/bisbalpenedes.com\/web\/?p=37762"},"modified":"2026-04-28T11:33:45","modified_gmt":"2026-04-28T09:33:45","slug":"la-bisbal-del-penedes-continua-avancant-en-el-cataleg-de-masies-i-cases-rurals-en-sol-no-urbanitzable","status":"publish","type":"post","link":"https:\/\/bisbalpenedes.com\/web\/2026\/04\/28\/la-bisbal-del-penedes-continua-avancant-en-el-cataleg-de-masies-i-cases-rurals-en-sol-no-urbanitzable\/","title":{"rendered":"La Bisbal del Pened\u00e8s continua avan\u00e7ant en el cat\u00e0leg de masies i cases rurals en s\u00f2l no urbanitzable"},"content":{"rendered":"\n<h5><strong>La Junta de Govern del 7 d\u2019abril va aprovar la contractaci\u00f3 de la redacci\u00f3 de l\u2019avan\u00e7 de pla amb el document ambiental estrat\u00e8gic, un nou pas en la tramitaci\u00f3 del cat\u00e0leg<\/strong><\/h5>\n\n\n\n<p>L\u2019Ajuntament de la Bisbal del Pened\u00e8s continua desenvolupant el cat\u00e0leg de masies i cases rurals en s\u00f2l no urbanitzable amb la contractaci\u00f3 de la redacci\u00f3 de l\u2019avan\u00e7 de pla, que inclou el document ambiental estrat\u00e8gic, necessari per seguir amb la tramitaci\u00f3 urban\u00edstica.<\/p>\n\n\n\n<p>La Junta de Govern Local, en sessi\u00f3 del 7 d\u2019abril, va aprovar adjudicar aquest servei a l\u2019empresa Igremap SLP per un import de 5.993,13 \u20ac (IVA incl\u00f2s). La contractaci\u00f3 es va realitzar a trav\u00e9s de l\u2019Acord marc de serveis de redacci\u00f3 de documents per a tr\u00e0mits de planificaci\u00f3 territorial ambiental de l\u2019Associaci\u00f3 Catalana de Municipis (ACM).<\/p>\n\n\n\n<p>Aquest nou enc\u00e0rrec dona continu\u00eftat als treballs iniciats el novembre de 2024, quan la Junta de Govern de l\u201911 de novembre va aprovar, a petici\u00f3 de la Regidoria d\u2019Urbanisme, el contracte amb el Sr. Ignasi Forcada per a la redacci\u00f3 del cat\u00e0leg de masies i cases rurals de la Bisbal del Pened\u00e8s en s\u00f2l no urbanitzable.<\/p>\n\n\n\n<p>El cat\u00e0leg es redacta d\u2019acord amb les directrius de contingut per als cat\u00e0legs de b\u00e9ns i plans especials de protecci\u00f3 de la Generalitat de Catalunya i t\u00e9 com a objectiu identificar les construccions situades en s\u00f2l no urbanitzable susceptibles de reconstrucci\u00f3 o rehabilitaci\u00f3, aix\u00ed com justificar les raons que en determinen la seva preservaci\u00f3 o, si escau, la seva recuperaci\u00f3, d\u2019acord amb la Llei d\u2019Urbanisme.<\/p>\n\n\n\n<p>Aquest treball inclou tasques de camp, amb visites <em>in situ<\/em>, recollida d\u2019informaci\u00f3, identificaci\u00f3 de caracter\u00edstiques i valors de cada masia, aix\u00ed com l\u2019aixecament amb dron d\u2019espais inaccessibles, la identificaci\u00f3 volum\u00e8trica de les construccions i l\u2019estudi de l\u2019entorn immediat. Tamb\u00e9 incorpora un recull fotogr\u00e0fic i l\u2019an\u00e0lisi de la bibliografia existent.<\/p>\n\n\n\n<p>Pel que fa a la redacci\u00f3 del document, el cat\u00e0leg inclour\u00e0 la mem\u00f2ria informativa i justificativa de cada element, amb la identificaci\u00f3 detallada de cada masia, pl\u00e0nols de localitzaci\u00f3 i de volumetries, aix\u00ed com la descripci\u00f3 de cada edificaci\u00f3, amb informaci\u00f3 sobre l\u2019\u00e8poca, l\u2019estil, les superf\u00edcies, l\u2019estat de conservaci\u00f3 i les dades hist\u00f2riques.<\/p>\n\n\n\n<p>A m\u00e9s, s\u2019hi definiran els valors que en justifiquen la preservaci\u00f3 i recuperaci\u00f3, aix\u00ed com les determinacions normatives corresponents, acompanyades d\u2019un annex fotogr\u00e0fic i gr\u00e0fic de cada element.<\/p>\n\n\n\n<p>Amb la redacci\u00f3 del document ambiental estrat\u00e8gic, es fa un pas m\u00e9s cap a l\u2019aprovaci\u00f3 inicial del cat\u00e0leg, que esdevindr\u00e0 una eina clau per a la protecci\u00f3 i la gesti\u00f3 del patrimoni rural del municipi.<\/p>\n\n\n\n<hr class=\"wp-block-separator has-alpha-channel-opacity\"\/>\n\n\n\n<h4><strong>La Bisbal del Pened\u00e8s contin\u00faa avanzando en el cat\u00e1logo de mas\u00edas y casas rurales en suelo no urbanizable<\/strong><\/h4>\n\n\n\n<h5><strong>La Junta de Gobierno del 7 de abril aprob\u00f3 la contrataci\u00f3n de la redacci\u00f3n del avance de plan con el documento ambiental estrat\u00e9gico, un nuevo paso en la tramitaci\u00f3n del cat\u00e1logo<\/strong><\/h5>\n\n\n\n<p>El Ajuntament de la Bisbal del Pened\u00e8s contin\u00faa desarrollando el cat\u00e1logo de mas\u00edas y casas rurales en suelo no urbanizable con la contrataci\u00f3n de la redacci\u00f3n del avance de plan, que incluye el documento ambiental estrat\u00e9gico, necesario para seguir con la tramitaci\u00f3n urban\u00edstica.<\/p>\n\n\n\n<p>La Junta de Gobierno Local, en sesi\u00f3n del 7 de abril, aprob\u00f3 adjudicar este servicio a la empresa Igremap SLP por un importe de 5.993,13 \u20ac (IVA incluido). La contrataci\u00f3n se realiz\u00f3 a trav\u00e9s del Acuerdo marco de servicios de redacci\u00f3n de documentos para tr\u00e1mites de planificaci\u00f3n territorial ambiental de la Associaci\u00f3 Catalana de Municipis (ACM).<\/p>\n\n\n\n<p>Este nuevo encargo da continuidad a los trabajos iniciados en noviembre de 2024, cuando la Junta de Gobierno del 11 de noviembre aprob\u00f3, a petici\u00f3n de la Regidoria de Urbanismo, el contrato con el Sr. Ignasi Forcada para la redacci\u00f3n del cat\u00e1logo de mas\u00edas y casas rurales de la Bisbal del Pened\u00e8s en suelo no urbanizable.<\/p>\n\n\n\n<p>El cat\u00e1logo se redacta de acuerdo con las directrices de contenido para los cat\u00e1logos de bienes y planes especiales de protecci\u00f3n de la Generalitat de Catalunya y tiene como objetivo identificar las construcciones situadas en suelo no urbanizable susceptibles de reconstrucci\u00f3n o rehabilitaci\u00f3n, as\u00ed como justificar las razones que determinan su preservaci\u00f3n o, en su caso, su recuperaci\u00f3n, de acuerdo con la Ley de Urbanismo.<\/p>\n\n\n\n<p>Este trabajo incluye tareas de campo, con visitas <em>in situ<\/em>, recogida de informaci\u00f3n, identificaci\u00f3n de caracter\u00edsticas y valores de cada mas\u00eda, as\u00ed como el levantamiento con dron de espacios inaccesibles, la identificaci\u00f3n volum\u00e9trica de las construcciones y el estudio del entorno inmediato. Tambi\u00e9n incorpora un reportaje fotogr\u00e1fico y el an\u00e1lisis de la bibliograf\u00eda existente.<\/p>\n\n\n\n<p>En cuanto a la redacci\u00f3n del documento, el cat\u00e1logo incluir\u00e1 la memoria informativa y justificativa de cada elemento, con la identificaci\u00f3n detallada de cada mas\u00eda, planos de localizaci\u00f3n y de volumetr\u00edas, as\u00ed como la descripci\u00f3n de cada edificaci\u00f3n, con informaci\u00f3n sobre la \u00e9poca, el estilo, las superficies, el estado de conservaci\u00f3n y los datos hist\u00f3ricos.<\/p>\n\n\n\n<p>Adem\u00e1s, se definir\u00e1n los valores que justifican su preservaci\u00f3n y recuperaci\u00f3n, as\u00ed como las determinaciones normativas correspondientes, acompa\u00f1adas de un anexo fotogr\u00e1fico y gr\u00e1fico de cada elemento.<\/p>\n\n\n\n<p>Con la redacci\u00f3n del documento ambiental estrat\u00e9gico, se da un paso m\u00e1s hacia la aprobaci\u00f3n inicial del cat\u00e1logo, que se convertir\u00e1 en una herramienta clave para la protecci\u00f3n y la gesti\u00f3n del patrimonio rural del municipio.<\/p>\n","protected":false},"excerpt":{"rendered":"<p>La Junta de Govern del 7 d\u2019abril va aprovar la contractaci\u00f3 de la redacci\u00f3 de l\u2019avan\u00e7 de pla amb el document ambiental estrat\u00e8gic, un nou pas en la tramitaci\u00f3 del &hellip; <a href=\"https:\/\/bisbalpenedes.com\/web\/2026\/04\/28\/la-bisbal-del-penedes-continua-avancant-en-el-cataleg-de-masies-i-cases-rurals-en-sol-no-urbanitzable\/\" class=\"more-link\">Read More<\/a><\/p>\n","protected":false},"author":4,"featured_media":32221,"comment_status":"closed","ping_status":"closed","sticky":false,"template":"","format":"standard","meta":[],"categories":[8,15],"tags":[6900,7479,393,3756,1374],"_links":{"self":[{"href":"https:\/\/bisbalpenedes.com\/web\/wp-json\/wp\/v2\/posts\/37762"}],"collection":[{"href":"https:\/\/bisbalpenedes.com\/web\/wp-json\/wp\/v2\/posts"}],"about":[{"href":"https:\/\/bisbalpenedes.com\/web\/wp-json\/wp\/v2\/types\/post"}],"author":[{"embeddable":true,"href":"https:\/\/bisbalpenedes.com\/web\/wp-json\/wp\/v2\/users\/4"}],"replies":[{"embeddable":true,"href":"https:\/\/bisbalpenedes.com\/web\/wp-json\/wp\/v2\/comments?post=37762"}],"version-history":[{"count":2,"href":"https:\/\/bisbalpenedes.com\/web\/wp-json\/wp\/v2\/posts\/37762\/revisions"}],"predecessor-version":[{"id":37768,"href":"https:\/\/bisbalpenedes.com\/web\/wp-json\/wp\/v2\/posts\/37762\/revisions\/37768"}],"wp:featuredmedia":[{"embeddable":true,"href":"https:\/\/bisbalpenedes.com\/web\/wp-json\/wp\/v2\/media\/32221"}],"wp:attachment":[{"href":"https:\/\/bisbalpenedes.com\/web\/wp-json\/wp\/v2\/media?parent=37762"}],"wp:term":[{"taxonomy":"category","embeddable":true,"href":"https:\/\/bisbalpenedes.com\/web\/wp-json\/wp\/v2\/categories?post=37762"},{"taxonomy":"post_tag","embeddable":true,"href":"https:\/\/bisbalpenedes.com\/web\/wp-json\/wp\/v2\/tags?post=37762"}],"curies":[{"name":"wp","href":"https:\/\/api.w.org\/{rel}","templated":true}]}}