{"id":37758,"date":"2026-04-28T10:43:32","date_gmt":"2026-04-28T08:43:32","guid":{"rendered":"https:\/\/bisbalpenedes.com\/web\/?p=37758"},"modified":"2026-04-28T10:43:54","modified_gmt":"2026-04-28T08:43:54","slug":"lajuntament-contracta-els-serveis-sanitaris-dambulancies-per-als-actes-festius-del-segon-semestre-de-2026","status":"publish","type":"post","link":"https:\/\/bisbalpenedes.com\/web\/2026\/04\/28\/lajuntament-contracta-els-serveis-sanitaris-dambulancies-per-als-actes-festius-del-segon-semestre-de-2026\/","title":{"rendered":"<strong>L\u2019Ajuntament contracta els serveis sanitaris d\u2019ambul\u00e0ncies per als actes festius del segon semestre de 2026<\/strong>"},"content":{"rendered":"\n<p>La Junta de govern local ha aprovat l&#8217;adhesi\u00f3 a la primera pr\u00f2rroga de la contractaci\u00f3 dels serveis sanitaris d\u2019ambul\u00e0ncies per cobrir els actes culturals, festius i castellers previstos durant el segon semestre de 2026, dins de l\u2019Acord marc de subministrament de material log\u00edstic i serveis associats per a l\u2019organitzaci\u00f3 d\u2019actes de l\u2019Associaci\u00f3 Catalana de Municipis (ACM). En aquest mateix acord, es va aprovar adjudicar el servei a l\u2019empresa Ivemon Ambulancias Egara SL per un import de 12.880 \u20ac (IVA exempt).<\/p>\n\n\n\n<p>El contracte inclou la prestaci\u00f3 de serveis d\u2019ambul\u00e0ncies de Suport Vital B\u00e0sic (SVB) i Suport Vital Avan\u00e7at (SVA), amb l\u2019objectiu de garantir la cobertura preventiva en aquells actes que ho requereixin, tant els organitzats per l\u2019Ajuntament com per les entitats locals.<\/p>\n\n\n\n<p>Les unitats de SVB estaran dotades amb t\u00e8cnic conductor, t\u00e8cnic sanitari i equip DEA, mentre que les unitats de SVA incorporaran, a m\u00e9s, personal d\u2019infermeria especialitzat en atenci\u00f3 a traumatismes. Aquest dispositiu permetr\u00e0 donar una resposta adequada davant qualsevol incid\u00e8ncia sanit\u00e0ria durant el desenvolupament dels actes.<\/p>\n\n\n\n<hr class=\"wp-block-separator has-alpha-channel-opacity\"\/>\n\n\n\n<h4><strong>El Ayuntamiento contrata los servicios sanitarios de ambulancias para los actos festivos del segundo semestre de 2026<\/strong><\/h4>\n\n\n\n<p>La Junta de gobierno local ha aprobado la adhesi\u00f3n a la primera pr\u00f3rroga de la contrataci\u00f3n de los servicios sanitarios de ambulancias para cubrir los actos culturales, festivos y castellers previstos durante el segundo semestre de 2026, dentro del Acuerdo marco de suministro de material log\u00edstico y servicios asociados para la organizaci\u00f3n de actos de la Associaci\u00f3 Catalana de Municipis (ACM). En este mismo acuerdo, se aprob\u00f3 adjudicar el servicio a la empresa Ivemon Ambulancias Egara SL por un importe de 12.880 \u20ac (IVA exento).<\/p>\n\n\n\n<p>El contrato incluye la prestaci\u00f3n de servicios de ambulancias de Soporte Vital B\u00e1sico (SVB) y Soporte Vital Avanzado (SVA), con el objetivo de garantizar la cobertura preventiva en aquellos actos que lo requieran, tanto los organizados por el Ayuntamiento como por las entidades locales.<\/p>\n\n\n\n<p>Las unidades de SVB estar\u00e1n dotadas con t\u00e9cnico conductor, t\u00e9cnico sanitario y equipo DEA, mientras que las unidades de SVA incorporar\u00e1n, adem\u00e1s, personal de enfermer\u00eda especializado en atenci\u00f3n a traumatismos. Este dispositivo permitir\u00e1 dar una respuesta adecuada ante cualquier incidencia sanitaria durante el desarrollo de los actos.<\/p>\n","protected":false},"excerpt":{"rendered":"<p>La Junta de govern local ha aprovat l&#8217;adhesi\u00f3 a la primera pr\u00f2rroga de la contractaci\u00f3 dels serveis sanitaris d\u2019ambul\u00e0ncies per cobrir els actes culturals, festius i castellers previstos durant el &hellip; <a href=\"https:\/\/bisbalpenedes.com\/web\/2026\/04\/28\/lajuntament-contracta-els-serveis-sanitaris-dambulancies-per-als-actes-festius-del-segon-semestre-de-2026\/\" class=\"more-link\">Read More<\/a><\/p>\n","protected":false},"author":4,"featured_media":37759,"comment_status":"closed","ping_status":"closed","sticky":false,"template":"","format":"standard","meta":[],"categories":[20,4668,8],"tags":[7478,351,50],"_links":{"self":[{"href":"https:\/\/bisbalpenedes.com\/web\/wp-json\/wp\/v2\/posts\/37758"}],"collection":[{"href":"https:\/\/bisbalpenedes.com\/web\/wp-json\/wp\/v2\/posts"}],"about":[{"href":"https:\/\/bisbalpenedes.com\/web\/wp-json\/wp\/v2\/types\/post"}],"author":[{"embeddable":true,"href":"https:\/\/bisbalpenedes.com\/web\/wp-json\/wp\/v2\/users\/4"}],"replies":[{"embeddable":true,"href":"https:\/\/bisbalpenedes.com\/web\/wp-json\/wp\/v2\/comments?post=37758"}],"version-history":[{"count":2,"href":"https:\/\/bisbalpenedes.com\/web\/wp-json\/wp\/v2\/posts\/37758\/revisions"}],"predecessor-version":[{"id":37761,"href":"https:\/\/bisbalpenedes.com\/web\/wp-json\/wp\/v2\/posts\/37758\/revisions\/37761"}],"wp:featuredmedia":[{"embeddable":true,"href":"https:\/\/bisbalpenedes.com\/web\/wp-json\/wp\/v2\/media\/37759"}],"wp:attachment":[{"href":"https:\/\/bisbalpenedes.com\/web\/wp-json\/wp\/v2\/media?parent=37758"}],"wp:term":[{"taxonomy":"category","embeddable":true,"href":"https:\/\/bisbalpenedes.com\/web\/wp-json\/wp\/v2\/categories?post=37758"},{"taxonomy":"post_tag","embeddable":true,"href":"https:\/\/bisbalpenedes.com\/web\/wp-json\/wp\/v2\/tags?post=37758"}],"curies":[{"name":"wp","href":"https:\/\/api.w.org\/{rel}","templated":true}]}}