{"id":37754,"date":"2026-04-27T09:59:12","date_gmt":"2026-04-27T07:59:12","guid":{"rendered":"https:\/\/bisbalpenedes.com\/web\/?p=37754"},"modified":"2026-04-27T09:59:13","modified_gmt":"2026-04-27T07:59:13","slug":"la-societat-celebra-la-festa-de-la-primavera-el-proxim-dissabte-2-de-maig","status":"publish","type":"post","link":"https:\/\/bisbalpenedes.com\/web\/2026\/04\/27\/la-societat-celebra-la-festa-de-la-primavera-el-proxim-dissabte-2-de-maig\/","title":{"rendered":"La Societat celebra la Festa de la Primavera el pr\u00f2xim dissabte 2 de maig"},"content":{"rendered":"\n<p>La Societat acollir\u00e0 el proper dissabte 2 de maig, a les 21 h, la Festa de la Primavera 2026, una proposta festiva que combinar\u00e0 gastronomia i m\u00fasica en directe en un ambient de celebraci\u00f3.<\/p>\n\n\n\n<p>La jornada comen\u00e7ar\u00e0 amb un sopar amb men\u00fa que inclour\u00e0, com a primer plat, carpaccio de pinya amb gambes. Com a segon plat, els assistents podran escollir entre costella de porc a la barbacoa o bacall\u00e0 amb samfaina, sobrassada i mel. El men\u00fa es completar\u00e0 amb postres, caf\u00e8 i licors, i estar\u00e0 maridat amb vi i cava de Cellers Domenys.<\/p>\n\n\n\n<p>Despr\u00e9s del sopar, la festa continuar\u00e0 amb ball i m\u00fasica en directe a c\u00e0rrec del Duet Alma, que amenitzar\u00e0 la nit.<\/p>\n\n\n\n<p>El preu del sopar \u00e9s de 25 euros per als socis i de 30 euros per als no socis. Les persones interessades us hi podeu inscriure fins al 30 d\u2019abril adre\u00e7ant-vos al conserge de la Societat o enviant un correu electr\u00f2nic a&nbsp;<a>lasocietat@gmail.com<\/a><\/p>\n\n\n\n<hr class=\"wp-block-separator has-alpha-channel-opacity\"\/>\n\n\n\n<p>La Societat acoger\u00e1 el pr\u00f3ximo s\u00e1bado 2 de mayo, a las 21 h, la Fiesta de la Primavera 2026, una propuesta festiva que combinar\u00e1 gastronom\u00eda y m\u00fasica en directo en un ambiente de celebraci\u00f3n.<\/p>\n\n\n\n<p>La jornada comenzar\u00e1 con una cena con men\u00fa que incluir\u00e1, como primer plato, carpaccio de pi\u00f1a con gambas. Como segundo plato, los asistentes podr\u00e1n escoger entre costilla de cerdo a la barbacoa o bacalao con samfaina, sobrasada y miel. El men\u00fa se completar\u00e1 con postres, caf\u00e9 y licores, y estar\u00e1 maridado con vino y cava de Cellers Domenys.<\/p>\n\n\n\n<p>Despu\u00e9s de la cena, la fiesta continuar\u00e1 con baile y m\u00fasica en directo a cargo del Duet Alma, que amenizar\u00e1 la noche.<\/p>\n\n\n\n<p>El precio de la cena es de 25 euros para los socios y de 30 euros para los no socios. Las personas interesadas pod\u00e9is consultar m\u00e1s informaci\u00f3n e inscribiros hasta el 30 de abril dirigi\u00e9ndoos al conserje de la Societat o enviando un correo electr\u00f3nico a&nbsp;<a href=\"mailto:lasocietat@gmail.com\">lasocietat@gmail.com<\/a>.<\/p>\n","protected":false},"excerpt":{"rendered":"<p>La Societat acollir\u00e0 el proper dissabte 2 de maig, a les 21 h, la Festa de la Primavera 2026, una proposta festiva que combinar\u00e0 gastronomia i m\u00fasica en directe en &hellip; <a href=\"https:\/\/bisbalpenedes.com\/web\/2026\/04\/27\/la-societat-celebra-la-festa-de-la-primavera-el-proxim-dissabte-2-de-maig\/\" class=\"more-link\">Read More<\/a><\/p>\n","protected":false},"author":4,"featured_media":37745,"comment_status":"closed","ping_status":"closed","sticky":false,"template":"","format":"standard","meta":[],"categories":[2942,20,8],"tags":[459,557,78,7477,393,300,1243,1374],"_links":{"self":[{"href":"https:\/\/bisbalpenedes.com\/web\/wp-json\/wp\/v2\/posts\/37754"}],"collection":[{"href":"https:\/\/bisbalpenedes.com\/web\/wp-json\/wp\/v2\/posts"}],"about":[{"href":"https:\/\/bisbalpenedes.com\/web\/wp-json\/wp\/v2\/types\/post"}],"author":[{"embeddable":true,"href":"https:\/\/bisbalpenedes.com\/web\/wp-json\/wp\/v2\/users\/4"}],"replies":[{"embeddable":true,"href":"https:\/\/bisbalpenedes.com\/web\/wp-json\/wp\/v2\/comments?post=37754"}],"version-history":[{"count":1,"href":"https:\/\/bisbalpenedes.com\/web\/wp-json\/wp\/v2\/posts\/37754\/revisions"}],"predecessor-version":[{"id":37755,"href":"https:\/\/bisbalpenedes.com\/web\/wp-json\/wp\/v2\/posts\/37754\/revisions\/37755"}],"wp:featuredmedia":[{"embeddable":true,"href":"https:\/\/bisbalpenedes.com\/web\/wp-json\/wp\/v2\/media\/37745"}],"wp:attachment":[{"href":"https:\/\/bisbalpenedes.com\/web\/wp-json\/wp\/v2\/media?parent=37754"}],"wp:term":[{"taxonomy":"category","embeddable":true,"href":"https:\/\/bisbalpenedes.com\/web\/wp-json\/wp\/v2\/categories?post=37754"},{"taxonomy":"post_tag","embeddable":true,"href":"https:\/\/bisbalpenedes.com\/web\/wp-json\/wp\/v2\/tags?post=37754"}],"curies":[{"name":"wp","href":"https:\/\/api.w.org\/{rel}","templated":true}]}}