{"id":37749,"date":"2026-04-27T09:53:25","date_gmt":"2026-04-27T07:53:25","guid":{"rendered":"https:\/\/bisbalpenedes.com\/web\/?p=37749"},"modified":"2026-04-27T09:53:49","modified_gmt":"2026-04-27T07:53:49","slug":"aquest-dissabte-2-de-maig-arriba-la-feria-de-abril-a-lesplai","status":"publish","type":"post","link":"https:\/\/bisbalpenedes.com\/web\/2026\/04\/27\/aquest-dissabte-2-de-maig-arriba-la-feria-de-abril-a-lesplai\/","title":{"rendered":"Aquest dissabte 2 de maig arriba la &#8216;Feria de Abril&#8217; a l&#8217;Esplai"},"content":{"rendered":"\n<p>L&#8217;Associaci\u00f3 de ve\u00efns de l&#8217;Esplai ha organitzat, un any m\u00e9s, la Feria de Abril. La celebraci\u00f3 es far\u00e0 al recinte del local social el dissabte 2 de maig.<\/p>\n\n\n\n<ul><li>A partir de les 12h hi haur\u00e0 inflables i activitats per als menuts.<\/li><li>A les 12:30h m\u00fasica en directe amb &#8220;Voces de Bohemia&#8221;.\u00a0<\/li><li>A continuaci\u00f3, gran espectacle flamenc amb l&#8217;escola &#8220;Flamenco Ana Serrano&#8221;.<\/li><li>A partir de les 18h, m\u00fasica en viu amb el grup de rumba &#8220;Crema Catalana&#8221;.<\/li><li>Per acabar, tindr\u00e0 lloc el 1r Concurs de Mirco Obert per a aficionats al cant i la m\u00fasica.<\/li><\/ul>\n\n\n\n<p>Hi haur\u00e0 servei de bar i tapes durant tot el dia. Per a m\u00e9s informaci\u00f3, adreceu-vos al perfil de&nbsp;<a href=\"https:\/\/www.facebook.com\/profile.php?id=100068679494627\" target=\"_blank\" rel=\"noreferrer noopener\">Facebook de l&#8217;entitat.<\/a><\/p>\n\n\n\n<hr class=\"wp-block-separator has-alpha-channel-opacity\"\/>\n\n\n\n<p>La Asociaci\u00f3n de vecinos de L&#8217;Esplai ha organizado, un a\u00f1o m\u00e1s, la Feria de Abril. La celebraci\u00f3n se realizar\u00e1 en el recinto del local social el s\u00e1bado 2 de mayo.<\/p>\n\n\n\n<ul><li>A partir de las 12 h habr\u00e1 hinchables y actividades para los m\u00e1s peque\u00f1os.<\/li><li>A las 12:30 h, m\u00fasica en directo con &#8220;Voces de Bohemia&#8221;.<\/li><li>A continuaci\u00f3n, gran espect\u00e1culo flamenco con la escuela &#8220;Flamenco Ana Serrano&#8221;.<\/li><li>A partir de las 18 h, m\u00fasica en vivo con el grupo de rumba &#8220;Crema Catalana&#8221;.<\/li><li>Para finalizar, tendr\u00e1 lugar el 1er Concurso de Micro Abierto para aficionados al canto y la m\u00fasica.<\/li><\/ul>\n\n\n\n<p>Habr\u00e1 servicio de bar y tapas durante todo el d\u00eda. Para m\u00e1s informaci\u00f3n, pod\u00e9is consultar el perfil de&nbsp;<a href=\"https:\/\/www.facebook.com\/profile.php?id=100068679494627\" target=\"_blank\" rel=\"noreferrer noopener\">Facebook de la entidad.<\/a><\/p>\n\n\n\n<p><sup>Foto d&#8217;arxiu: Feria de Abril 2025 &#8211; Raul Gallego\u00a0\u00a9<\/sup><\/p>\n","protected":false},"excerpt":{"rendered":"<p>L&#8217;Associaci\u00f3 de ve\u00efns de l&#8217;Esplai ha organitzat, un any m\u00e9s, la Feria de Abril. La celebraci\u00f3 es far\u00e0 al recinte del local social el dissabte 2 de maig. A partir &hellip; <a href=\"https:\/\/bisbalpenedes.com\/web\/2026\/04\/27\/aquest-dissabte-2-de-maig-arriba-la-feria-de-abril-a-lesplai\/\" class=\"more-link\">Read More<\/a><\/p>\n","protected":false},"author":4,"featured_media":37750,"comment_status":"closed","ping_status":"closed","sticky":false,"template":"","format":"standard","meta":[],"categories":[4287,4668,8],"tags":[459,1364,393,1374],"_links":{"self":[{"href":"https:\/\/bisbalpenedes.com\/web\/wp-json\/wp\/v2\/posts\/37749"}],"collection":[{"href":"https:\/\/bisbalpenedes.com\/web\/wp-json\/wp\/v2\/posts"}],"about":[{"href":"https:\/\/bisbalpenedes.com\/web\/wp-json\/wp\/v2\/types\/post"}],"author":[{"embeddable":true,"href":"https:\/\/bisbalpenedes.com\/web\/wp-json\/wp\/v2\/users\/4"}],"replies":[{"embeddable":true,"href":"https:\/\/bisbalpenedes.com\/web\/wp-json\/wp\/v2\/comments?post=37749"}],"version-history":[{"count":2,"href":"https:\/\/bisbalpenedes.com\/web\/wp-json\/wp\/v2\/posts\/37749\/revisions"}],"predecessor-version":[{"id":37752,"href":"https:\/\/bisbalpenedes.com\/web\/wp-json\/wp\/v2\/posts\/37749\/revisions\/37752"}],"wp:featuredmedia":[{"embeddable":true,"href":"https:\/\/bisbalpenedes.com\/web\/wp-json\/wp\/v2\/media\/37750"}],"wp:attachment":[{"href":"https:\/\/bisbalpenedes.com\/web\/wp-json\/wp\/v2\/media?parent=37749"}],"wp:term":[{"taxonomy":"category","embeddable":true,"href":"https:\/\/bisbalpenedes.com\/web\/wp-json\/wp\/v2\/categories?post=37749"},{"taxonomy":"post_tag","embeddable":true,"href":"https:\/\/bisbalpenedes.com\/web\/wp-json\/wp\/v2\/tags?post=37749"}],"curies":[{"name":"wp","href":"https:\/\/api.w.org\/{rel}","templated":true}]}}