{"id":37737,"date":"2026-04-25T10:39:24","date_gmt":"2026-04-25T08:39:24","guid":{"rendered":"https:\/\/bisbalpenedes.com\/web\/?p=37737"},"modified":"2026-04-29T12:47:45","modified_gmt":"2026-04-29T10:47:45","slug":"casal-destiu-2026","status":"publish","type":"post","link":"https:\/\/bisbalpenedes.com\/web\/2026\/04\/25\/casal-destiu-2026\/","title":{"rendered":"El 4 de maig s\u2019obren les inscripcions del Casal d\u2019Estiu per a les persones empadronades o residents a la Bisbal del Pened\u00e8s &#8211; A partir de l&#8217;11 de maig s&#8217;obriran les inscripcions per a la resta de fam\u00edlies"},"content":{"rendered":"\n<p>L\u2019Ajuntament de la Bisbal del Pened\u00e8s informa de l\u2019obertura del per\u00edode de preinscripci\u00f3 dels Casals d\u2019Estiu 2026, organitzats per La Ballaruga, una proposta adre\u00e7ada a infants nascuts entre els anys 2014 i 2022.<\/p>\n\n\n\n<p>El casal es dur\u00e0 a terme del 22 de juny al 7 d\u2019agost i del 24 al 28 d\u2019agost, amb una programaci\u00f3 centrada en el lleure educatiu sota el fil conductor \u201cUn m\u00f3n de contes i hist\u00f2ries\u201d. Les activitats tindran lloc a l\u2019escola Ull de Vent, en horari de 8 h a 13.30 h, amb servei opcional de menjador amb carmanyola fins a les 15 h.<\/p>\n\n\n\n<p><strong>Les fam\u00edlies empadronades i residents a la Bisbal del Pened\u00e8s podran fer la preinscripci\u00f3 de manera presencial a l\u2019Ajuntament del 4 al 8 de maig. <\/strong>Aquest per\u00edode prioritari permetr\u00e0 tenir avantatge en l\u2019assignaci\u00f3 de places, que s\u00f3n limitades i s\u2019atorguen per ordre d\u2019inscripci\u00f3.<\/p>\n\n\n\n<p><strong>A partir de l\u201911 de maig<\/strong>, s\u2019obriran les inscripcions <strong>per a la resta de fam\u00edlies<\/strong> a trav\u00e9s del web de La Ballaruga (<a href=\"http:\/\/www.laballaruga.org\">www.laballaruga.org<\/a>), fins al dimecres de la setmana anterior a l\u2019inici de cada torn.<\/p>\n\n\n\n<p>Pel que fa als preus, el casal t\u00e9 un cost de 35 \u20ac per setmana i infant, o b\u00e9 60 \u20ac per infant en el cas de la quinzena correlativa. El servei de menjador amb carmanyola t\u00e9 un cost de 15 \u20ac setmanals i les inscripcions es poden fer a <a href=\"mailto:marta.laballaruga@gmail.com\" target=\"_blank\" rel=\"noreferrer noopener\">marta.laballaruga@gmail.com<\/a><\/p>\n\n\n\n<p>A m\u00e9s, del 5 al 15 de maig es podran sol\u00b7licitar beques. Per a m\u00e9s informaci\u00f3, feu clic  <a rel=\"noreferrer noopener\" href=\"https:\/\/www.laballaruga.org\/casals-destiu-2\/beques-nomes-fins-al-15-de-juny\/\" target=\"_blank\">aqu\u00ed<\/a>.<br><br><strong>El 8 de juny a les 19 h<\/strong> tindr\u00e0 lloc una <strong>reuni\u00f3 informativa<\/strong> a l\u2019Ajuntament de la Bisbal del Pened\u00e8s.<\/p>\n\n\n\n<p>Per a m\u00e9s informaci\u00f3, us podeu adre\u00e7ar al web de <a rel=\"noreferrer noopener\" href=\"http:\/\/www.laballaruga.org\" target=\"_blank\">La Ballaruga<\/a> o a les oficines municipals.<\/p>\n\n\n\n<hr class=\"wp-block-separator has-alpha-channel-opacity\"\/>\n\n\n\n<h3><strong>El 4 de mayo se abren las inscripciones del Casal d\u2019Estiu con prioridad para las personas empadronadas o residentes en la Bisbal del Pened\u00e8s<\/strong><\/h3>\n\n\n\n<p>El Ajuntament de la Bisbal del Pened\u00e8s informa de la apertura del periodo de preinscripci\u00f3n de los Casales de Verano 2026, organizados por La Ballaruga, una propuesta dirigida a ni\u00f1os y ni\u00f1as nacidos entre los a\u00f1os 2014 y 2022.<\/p>\n\n\n\n<p>El casal se llevar\u00e1 a cabo del 22 de junio al 7 de agosto y del 24 al 28 de agosto, con una programaci\u00f3n centrada en el ocio educativo bajo el hilo conductor \u201cUn mundo de cuentos e historias\u201d. Las actividades tendr\u00e1n lugar en la escuela Ull de Vent, en horario de 8 h a 13.30 h, con servicio opcional de comedor con fiambrera hasta las 15 h.<\/p>\n\n\n\n<p><strong>Las familias empadronadas y residentes en la Bisbal del Pened\u00e8s podr\u00e1n realizar la preinscripci\u00f3n de forma presencial en el Ayuntamiento del 4 al 8 de mayo<\/strong>. Este periodo prioritario permitir\u00e1 tener ventaja en la asignaci\u00f3n de plazas, que son limitadas y se otorgan por orden de inscripci\u00f3n.<\/p>\n\n\n\n<p><strong>A partir del 11 de mayo,<\/strong> se abrir\u00e1n las inscripciones <strong>para el resto de familias<\/strong> a trav\u00e9s de la web de La Ballaruga (<a href=\"http:\/\/www.laballaruga.org\/\">www.laballaruga.org<\/a>), hasta el mi\u00e9rcoles de la semana anterior al inicio de cada turno.<\/p>\n\n\n\n<p>En cuanto a los precios, el casal tiene un coste de 35 \u20ac por semana y ni\u00f1o o ni\u00f1a, o bien 60 \u20ac por ni\u00f1o o ni\u00f1a en el caso de la quincena correlativa. El servicio de comedor con fiambrera tiene un coste de 15 \u20ac semanales y las inscripciones se pueden realizar en <a href=\"mailto:marta.laballaruga@gmail.com\">marta.laballaruga@gmail.com<\/a><\/p>\n\n\n\n<p>Adem\u00e1s, del 5 al 15 de mayo se podr\u00e1n solicitar becas. Para m\u00e1s informaci\u00f3n, haced clic <a rel=\"noreferrer noopener\" href=\"https:\/\/www.laballaruga.org\/casals-destiu-2\/beques-nomes-fins-al-15-de-juny\/\" target=\"_blank\">aqu\u00ed<\/a>.<\/p>\n\n\n\n<p><strong>El 8 de junio a las 19 h<\/strong> tendr\u00e1 lugar una <strong>reuni\u00f3n informativa<\/strong> en el Ajuntament de la Bisbal del Pened\u00e8s.<\/p>\n\n\n\n<p>Para m\u00e1s informaci\u00f3n, pod\u00e9is consultar la web de <a href=\"http:\/\/www.laballaruga.org\" target=\"_blank\" rel=\"noreferrer noopener\">La Ballaruga<\/a> o dirigiros a las oficinas municipales.<\/p>\n","protected":false},"excerpt":{"rendered":"<p>L\u2019Ajuntament de la Bisbal del Pened\u00e8s informa de l\u2019obertura del per\u00edode de preinscripci\u00f3 dels Casals d\u2019Estiu 2026, organitzats per La Ballaruga, una proposta adre\u00e7ada a infants nascuts entre els anys &hellip; <a href=\"https:\/\/bisbalpenedes.com\/web\/2026\/04\/25\/casal-destiu-2026\/\" class=\"more-link\">Read More<\/a><\/p>\n","protected":false},"author":4,"featured_media":37780,"comment_status":"closed","ping_status":"closed","sticky":false,"template":"","format":"standard","meta":[],"categories":[398,8],"tags":[273,393],"_links":{"self":[{"href":"https:\/\/bisbalpenedes.com\/web\/wp-json\/wp\/v2\/posts\/37737"}],"collection":[{"href":"https:\/\/bisbalpenedes.com\/web\/wp-json\/wp\/v2\/posts"}],"about":[{"href":"https:\/\/bisbalpenedes.com\/web\/wp-json\/wp\/v2\/types\/post"}],"author":[{"embeddable":true,"href":"https:\/\/bisbalpenedes.com\/web\/wp-json\/wp\/v2\/users\/4"}],"replies":[{"embeddable":true,"href":"https:\/\/bisbalpenedes.com\/web\/wp-json\/wp\/v2\/comments?post=37737"}],"version-history":[{"count":5,"href":"https:\/\/bisbalpenedes.com\/web\/wp-json\/wp\/v2\/posts\/37737\/revisions"}],"predecessor-version":[{"id":37781,"href":"https:\/\/bisbalpenedes.com\/web\/wp-json\/wp\/v2\/posts\/37737\/revisions\/37781"}],"wp:featuredmedia":[{"embeddable":true,"href":"https:\/\/bisbalpenedes.com\/web\/wp-json\/wp\/v2\/media\/37780"}],"wp:attachment":[{"href":"https:\/\/bisbalpenedes.com\/web\/wp-json\/wp\/v2\/media?parent=37737"}],"wp:term":[{"taxonomy":"category","embeddable":true,"href":"https:\/\/bisbalpenedes.com\/web\/wp-json\/wp\/v2\/categories?post=37737"},{"taxonomy":"post_tag","embeddable":true,"href":"https:\/\/bisbalpenedes.com\/web\/wp-json\/wp\/v2\/tags?post=37737"}],"curies":[{"name":"wp","href":"https:\/\/api.w.org\/{rel}","templated":true}]}}