{"id":37725,"date":"2026-04-25T08:36:34","date_gmt":"2026-04-25T06:36:34","guid":{"rendered":"https:\/\/bisbalpenedes.com\/web\/?p=37725"},"modified":"2026-04-25T08:36:35","modified_gmt":"2026-04-25T06:36:35","slug":"aquest-diumenge-26-dabril-se-celebra-el-dia-de-la-visibilitat-lesbica","status":"publish","type":"post","link":"https:\/\/bisbalpenedes.com\/web\/2026\/04\/25\/aquest-diumenge-26-dabril-se-celebra-el-dia-de-la-visibilitat-lesbica\/","title":{"rendered":"Aquest diumenge 26 d\u2019abril se celebra el Dia de la Visibilitat L\u00e8sbica"},"content":{"rendered":"\n<p>Amb motiu del 26 d\u2019abril, Dia de la Visibilitat L\u00e8sbica, l\u2019Ajuntament de la Bisbal del Pened\u00e8s comparteix el manifest del Consell Nacional LGBTI, dif\u00f3s per la Federaci\u00f3 de Municipis de Catalunya i el Departament d\u2019Igualtat i Feminisme de la Generalitat de Catalunya, i se suma a la difusi\u00f3 que es fa des del Consell Comarcal del Baix Pened\u00e8s i la Xarxa SAI sobre aquesta jornada, amb l\u2019objectiu de contribuir a donar visibilitat a la mateixa.<\/p>\n\n\n\n<p>El manifest posa de relleu la necessitat de continuar avan\u00e7ant en el reconeixement i la garantia efectiva dels drets de les dones lesbianes. Tot i els aven\u00e7os legislatius dels darrers anys, el text destaca que encara persisteixen situacions de discriminaci\u00f3 i invisibilitzaci\u00f3 en \u00e0mbits com la feina, la salut, l\u2019habitatge o l\u2019espai p\u00fablic.<\/p>\n\n\n\n<p>En aquest sentit, el document subratlla que la visibilitat \u00e9s una eina clau per combatre les discriminacions, transformar imaginaris i avan\u00e7ar cap a una societat m\u00e9s justa, plural i inclusiva. Tamb\u00e9 es fa una crida a la corresponsabilitat institucional i a la implicaci\u00f3 activa de tota la ciutadania per garantir els drets i les llibertats de totes les persones.<\/p>\n\n\n\n<p>A m\u00e9s, el text recull diverses reivindicacions, com ara la necessitat d\u2019una educaci\u00f3 afectivosexual inclusiva, una sanitat amb perspectiva de g\u00e8nere, el reconeixement de les fam\u00edlies diverses i el desplegament de mecanismes efectius contra la lesbof\u00f2bia.<\/p>\n\n\n\n<p>El manifest complet es pot consultar a continuaci\u00f3: <\/p>\n\n\n\n<div class=\"wp-block-file\"><object class=\"wp-block-file__embed\" data=\"https:\/\/bisbalpenedes.com\/web\/wp-content\/uploads\/2026\/04\/Manifest-26-dabril-del-CNLGBTI-pel-dia-de-la-Visibilitat-Le\u0300sbica-2026.pdf\" type=\"application\/pdf\" style=\"width:100%;height:600px\" aria-label=\"Incrustaci\u00f3 del fitxer Manifest-26-dabril-del-CNLGBTI-pel-dia-de-la-Visibilitat-Le\u0300sbica-2026.\"><\/object><a id=\"wp-block-file--media-7d49b027-bd81-4c1e-8b55-e5b4172a82d4\" href=\"https:\/\/bisbalpenedes.com\/web\/wp-content\/uploads\/2026\/04\/Manifest-26-dabril-del-CNLGBTI-pel-dia-de-la-Visibilitat-Le\u0300sbica-2026.pdf\">Manifest-26-dabril-del-CNLGBTI-pel-dia-de-la-Visibilitat-Le\u0300sbica-2026<\/a><a href=\"https:\/\/bisbalpenedes.com\/web\/wp-content\/uploads\/2026\/04\/Manifest-26-dabril-del-CNLGBTI-pel-dia-de-la-Visibilitat-Le\u0300sbica-2026.pdf\" class=\"wp-block-file__button\" download aria-describedby=\"wp-block-file--media-7d49b027-bd81-4c1e-8b55-e5b4172a82d4\">Baixa<\/a><\/div>\n\n\n\n<hr class=\"wp-block-separator has-alpha-channel-opacity\"\/>\n\n\n\n<h3>Este domingo 26 de abril se celebra el D\u00eda de la visibilidad l\u00e9sbica<\/h3>\n\n\n\n<p>Con motivo del 26 de abril, D\u00eda de la Visibilidad L\u00e9sbica, el Ajuntament de la Bisbal del Pened\u00e8s comparte el manifiesto del Consell Nacional LGBTI, difundido por la Federaci\u00f3 de Municipis de Catalunya y el Departament d\u2019Igualtat i Feminisme de la Generalitat de Catalunya, y se suma a la difusi\u00f3n que se hace desde el Consell Comarcal del Baix Pened\u00e8s y la Xarxa SAI sobre esta jornada, con el objetivo de contribuir a dar visibilidad a la misma.<\/p>\n\n\n\n<p>El manifiesto pone de relieve la necesidad de seguir avanzando en el reconocimiento y la garant\u00eda efectiva de los derechos de las mujeres lesbianas. A pesar de los avances legislativos de los \u00faltimos a\u00f1os, el texto destaca que todav\u00eda persisten situaciones de discriminaci\u00f3n e invisibilizaci\u00f3n en \u00e1mbitos como el trabajo, la salud, la vivienda o el espacio p\u00fablico.<\/p>\n\n\n\n<p>En este sentido, el documento subraya que la visibilidad es una herramienta clave para combatir las discriminaciones, transformar imaginarios y avanzar hacia una sociedad m\u00e1s justa, plural e inclusiva. Tambi\u00e9n se hace un llamamiento a la corresponsabilidad institucional y a la implicaci\u00f3n activa de toda la ciudadan\u00eda para garantizar los derechos y las libertades de todas las personas.<\/p>\n\n\n\n<p>Adem\u00e1s, el texto recoge diversas reivindicaciones, como la necesidad de una educaci\u00f3n afectivosexual inclusiva, una sanidad con perspectiva de g\u00e9nero, el reconocimiento de las familias diversas y el desarrollo de mecanismos efectivos contra la lesbofobia.<\/p>\n\n\n\n<p>Pod\u00e9is consultar el manifiesto en esta misma p\u00e1gina, un poco m\u00e1s arriba, en esta misma p\u00e1gina.<\/p>\n","protected":false},"excerpt":{"rendered":"<p>Amb motiu del 26 d\u2019abril, Dia de la Visibilitat L\u00e8sbica, l\u2019Ajuntament de la Bisbal del Pened\u00e8s comparteix el manifest del Consell Nacional LGBTI, dif\u00f3s per la Federaci\u00f3 de Municipis de &hellip; <a href=\"https:\/\/bisbalpenedes.com\/web\/2026\/04\/25\/aquest-diumenge-26-dabril-se-celebra-el-dia-de-la-visibilitat-lesbica\/\" class=\"more-link\">Read More<\/a><\/p>\n","protected":false},"author":4,"featured_media":37728,"comment_status":"closed","ping_status":"closed","sticky":false,"template":"","format":"standard","meta":[],"categories":[6120,8],"tags":[459,1056,7472,393,7473,1374],"_links":{"self":[{"href":"https:\/\/bisbalpenedes.com\/web\/wp-json\/wp\/v2\/posts\/37725"}],"collection":[{"href":"https:\/\/bisbalpenedes.com\/web\/wp-json\/wp\/v2\/posts"}],"about":[{"href":"https:\/\/bisbalpenedes.com\/web\/wp-json\/wp\/v2\/types\/post"}],"author":[{"embeddable":true,"href":"https:\/\/bisbalpenedes.com\/web\/wp-json\/wp\/v2\/users\/4"}],"replies":[{"embeddable":true,"href":"https:\/\/bisbalpenedes.com\/web\/wp-json\/wp\/v2\/comments?post=37725"}],"version-history":[{"count":1,"href":"https:\/\/bisbalpenedes.com\/web\/wp-json\/wp\/v2\/posts\/37725\/revisions"}],"predecessor-version":[{"id":37729,"href":"https:\/\/bisbalpenedes.com\/web\/wp-json\/wp\/v2\/posts\/37725\/revisions\/37729"}],"wp:featuredmedia":[{"embeddable":true,"href":"https:\/\/bisbalpenedes.com\/web\/wp-json\/wp\/v2\/media\/37728"}],"wp:attachment":[{"href":"https:\/\/bisbalpenedes.com\/web\/wp-json\/wp\/v2\/media?parent=37725"}],"wp:term":[{"taxonomy":"category","embeddable":true,"href":"https:\/\/bisbalpenedes.com\/web\/wp-json\/wp\/v2\/categories?post=37725"},{"taxonomy":"post_tag","embeddable":true,"href":"https:\/\/bisbalpenedes.com\/web\/wp-json\/wp\/v2\/tags?post=37725"}],"curies":[{"name":"wp","href":"https:\/\/api.w.org\/{rel}","templated":true}]}}