{"id":37718,"date":"2026-04-24T16:15:31","date_gmt":"2026-04-24T14:15:31","guid":{"rendered":"https:\/\/bisbalpenedes.com\/web\/?p=37718"},"modified":"2026-04-24T16:25:05","modified_gmt":"2026-04-24T14:25:05","slug":"linstitut-coster-de-la-torre-estrena-un-mural-commemoratiu-amb-motiu-del-seu-20e-aniversari","status":"publish","type":"post","link":"https:\/\/bisbalpenedes.com\/web\/2026\/04\/24\/linstitut-coster-de-la-torre-estrena-un-mural-commemoratiu-amb-motiu-del-seu-20e-aniversari\/","title":{"rendered":"L\u2019Institut Coster de la Torre estrena un mural commemoratiu amb motiu del seu 20\u00e8 aniversari"},"content":{"rendered":"\n<p>Amb motiu dels 20 anys de l\u2019Institut Coster de la Torre de la Bisbal del Pened\u00e8s, la Regidoria d\u2019Ensenyament de l\u2019Ajuntament ha impulsat la creaci\u00f3 d\u2019un mural commemoratiu al centre educatiu.<\/p>\n\n\n\n<p>Aquesta actuaci\u00f3 s\u2019emmarca dins dels actes de celebraci\u00f3 d\u2019aquest aniversari tan significatiu per a la comunitat educativa i per al municipi, i t\u00e9 com a objectiu deixar un element visual que recordi aquesta efem\u00e8ride.<\/p>\n\n\n\n<p>El mural ha estat realitzat per Dery Aerosolista amb l\u2019empresa Suite of Art, del bisbalenc Jaume Junqu\u00e9, que ha estat l\u2019encarregat de donar forma art\u00edstica a aquest projecte.<\/p>\n\n\n\n<p>L\u2019alcaldessa en funcions, Judith Vidal, i el regidor d\u2019Ensenyament, Daniel Caballero, valoren positivament la col\u00b7laboraci\u00f3 i implicaci\u00f3 de l\u2019equip docent del centre en el desenvolupament d\u2019aquesta iniciativa.<\/p>\n\n\n\n<p>L\u2019obra contribueix a seguir embellint diversos punts del municipi i, en aquest cas, en un espai on es construeix el futur, apropant l\u2019art als m\u00e9s joves i integrant-lo en el seu dia a dia.<\/p>\n\n\n\n<hr class=\"wp-block-separator has-alpha-channel-opacity\"\/>\n\n\n\n<h3>El Institut Coster de la Torre estrena un mural conmemorativo con motivo de su 20\u00ba aniversario<\/h3>\n\n\n\n<p>Con motivo de los 20 a\u00f1os del Institut Coster de la Torre de la Bisbal del Pened\u00e8s, la Concejal\u00eda de Educaci\u00f3n del Ayuntamiento ha impulsado la creaci\u00f3n de un mural conmemorativo en el centro educativo.<\/p>\n\n\n\n<p>Esta actuaci\u00f3n se enmarca en los actos de celebraci\u00f3n de este aniversario tan significativo para la comunidad educativa y para el municipio, y tiene como objetivo dejar un elemento visual que recuerde esta efem\u00e9ride.<\/p>\n\n\n\n<p>El mural ha sido realizado por Dery Aerosolista con la empresa Suite of Art, del bisbalenc Jaume Junqu\u00e9, que ha sido el encargado de dar forma art\u00edstica a este proyecto.<\/p>\n\n\n\n<p>La alcaldesa en funciones, Judith Vidal, y el concejal de Educaci\u00f3n, Daniel Caballero, valoran positivamente la colaboraci\u00f3n e implicaci\u00f3n del equipo docente del centro en el desarrollo de esta iniciativa.<\/p>\n\n\n\n<p>La obra contribuye a seguir embelleciendo diversos puntos del municipio y, en este caso, en un espacio donde se construye el futuro, acercando el arte a los m\u00e1s j\u00f3venes e integr\u00e1ndolo en su d\u00eda a d\u00eda.<\/p>\n\n\n\n<figure class=\"wp-block-image size-large\"><img loading=\"lazy\" width=\"1024\" height=\"768\" src=\"https:\/\/bisbalpenedes.com\/web\/wp-content\/uploads\/2026\/04\/P4200785-1024x768.jpg\" alt=\"\" class=\"wp-image-37722\" srcset=\"https:\/\/bisbalpenedes.com\/web\/wp-content\/uploads\/2026\/04\/P4200785-1024x768.jpg 1024w, https:\/\/bisbalpenedes.com\/web\/wp-content\/uploads\/2026\/04\/P4200785-300x225.jpg 300w, https:\/\/bisbalpenedes.com\/web\/wp-content\/uploads\/2026\/04\/P4200785-768x576.jpg 768w, https:\/\/bisbalpenedes.com\/web\/wp-content\/uploads\/2026\/04\/P4200785-1536x1152.jpg 1536w, https:\/\/bisbalpenedes.com\/web\/wp-content\/uploads\/2026\/04\/P4200785-2048x1536.jpg 2048w, https:\/\/bisbalpenedes.com\/web\/wp-content\/uploads\/2026\/04\/P4200785-600x450.jpg 600w\" sizes=\"(max-width: 1024px) 100vw, 1024px\" \/><\/figure>\n\n\n\n<figure class=\"wp-block-image size-large\"><img loading=\"lazy\" width=\"1024\" height=\"768\" src=\"https:\/\/bisbalpenedes.com\/web\/wp-content\/uploads\/2026\/04\/P4200789-1024x768.jpg\" alt=\"\" class=\"wp-image-37723\" srcset=\"https:\/\/bisbalpenedes.com\/web\/wp-content\/uploads\/2026\/04\/P4200789-1024x768.jpg 1024w, https:\/\/bisbalpenedes.com\/web\/wp-content\/uploads\/2026\/04\/P4200789-300x225.jpg 300w, https:\/\/bisbalpenedes.com\/web\/wp-content\/uploads\/2026\/04\/P4200789-768x576.jpg 768w, https:\/\/bisbalpenedes.com\/web\/wp-content\/uploads\/2026\/04\/P4200789-1536x1152.jpg 1536w, https:\/\/bisbalpenedes.com\/web\/wp-content\/uploads\/2026\/04\/P4200789-600x450.jpg 600w, https:\/\/bisbalpenedes.com\/web\/wp-content\/uploads\/2026\/04\/P4200789.jpg 2048w\" sizes=\"(max-width: 1024px) 100vw, 1024px\" \/><\/figure>\n\n\n\n<p>Fotos: Ra\u00fal Gallego<\/p>\n","protected":false},"excerpt":{"rendered":"<p>Amb motiu dels 20 anys de l\u2019Institut Coster de la Torre de la Bisbal del Pened\u00e8s, la Regidoria d\u2019Ensenyament de l\u2019Ajuntament ha impulsat la creaci\u00f3 d\u2019un mural commemoratiu al centre &hellip; <a href=\"https:\/\/bisbalpenedes.com\/web\/2026\/04\/24\/linstitut-coster-de-la-torre-estrena-un-mural-commemoratiu-amb-motiu-del-seu-20e-aniversari\/\" class=\"more-link\">Read More<\/a><\/p>\n","protected":false},"author":4,"featured_media":37719,"comment_status":"closed","ping_status":"closed","sticky":false,"template":"","format":"standard","meta":[],"categories":[3456,8],"tags":[7471,459,1475,393,4388,1374],"_links":{"self":[{"href":"https:\/\/bisbalpenedes.com\/web\/wp-json\/wp\/v2\/posts\/37718"}],"collection":[{"href":"https:\/\/bisbalpenedes.com\/web\/wp-json\/wp\/v2\/posts"}],"about":[{"href":"https:\/\/bisbalpenedes.com\/web\/wp-json\/wp\/v2\/types\/post"}],"author":[{"embeddable":true,"href":"https:\/\/bisbalpenedes.com\/web\/wp-json\/wp\/v2\/users\/4"}],"replies":[{"embeddable":true,"href":"https:\/\/bisbalpenedes.com\/web\/wp-json\/wp\/v2\/comments?post=37718"}],"version-history":[{"count":2,"href":"https:\/\/bisbalpenedes.com\/web\/wp-json\/wp\/v2\/posts\/37718\/revisions"}],"predecessor-version":[{"id":37724,"href":"https:\/\/bisbalpenedes.com\/web\/wp-json\/wp\/v2\/posts\/37718\/revisions\/37724"}],"wp:featuredmedia":[{"embeddable":true,"href":"https:\/\/bisbalpenedes.com\/web\/wp-json\/wp\/v2\/media\/37719"}],"wp:attachment":[{"href":"https:\/\/bisbalpenedes.com\/web\/wp-json\/wp\/v2\/media?parent=37718"}],"wp:term":[{"taxonomy":"category","embeddable":true,"href":"https:\/\/bisbalpenedes.com\/web\/wp-json\/wp\/v2\/categories?post=37718"},{"taxonomy":"post_tag","embeddable":true,"href":"https:\/\/bisbalpenedes.com\/web\/wp-json\/wp\/v2\/tags?post=37718"}],"curies":[{"name":"wp","href":"https:\/\/api.w.org\/{rel}","templated":true}]}}