{"id":37712,"date":"2026-04-24T15:16:51","date_gmt":"2026-04-24T13:16:51","guid":{"rendered":"https:\/\/bisbalpenedes.com\/web\/?p=37712"},"modified":"2026-04-24T15:25:34","modified_gmt":"2026-04-24T13:25:34","slug":"la-bisbal-del-penedes-acollira-un-concert-de-primavera-amb-musica-barroca-per-a-trompetes-i-orgue-el-diumenge-3-de-maig","status":"publish","type":"post","link":"https:\/\/bisbalpenedes.com\/web\/2026\/04\/24\/la-bisbal-del-penedes-acollira-un-concert-de-primavera-amb-musica-barroca-per-a-trompetes-i-orgue-el-diumenge-3-de-maig\/","title":{"rendered":"La Bisbal del Pened\u00e8s acollir\u00e0 un concert de primavera amb m\u00fasica barroca per a trompetes i orgue el diumenge 3 de maig"},"content":{"rendered":"\n<p>La Bisbal del Pened\u00e8s acollir\u00e0 el proper diumenge 3 de maig, a les 19 h, el Concert de Primavera incl\u00f2s dins la Temporada Musical 2026. L\u2019actuaci\u00f3 tindr\u00e0 lloc a l\u2019Esgl\u00e9sia Parroquial de Santa Maria i oferir\u00e0 un programa centrat en la m\u00fasica barroca per a trompetes i orgue.<\/p>\n\n\n\n<p>El recital anir\u00e0 a c\u00e0rrec d\u2019Aitana Capseta i Carles Capseta, a les trompetes, i d\u2019Andr\u00e9s Moya, a l\u2019orgue. Els tres int\u00e8rprets presentaran un repertori que real\u00e7ar\u00e0 la riquesa sonora i l\u2019expressivitat pr\u00f2pia del per\u00edode barroc, amb una combinaci\u00f3 instrumental que destaca per la seva for\u00e7a i equilibri.<\/p>\n\n\n\n<p>El Concert de Primavera est\u00e0 organitzat per l\u2019Associaci\u00f3 de Cors Antistiana amb la col\u00b7laboraci\u00f3 de la Diputaci\u00f3 de Tarragona i l\u2019Ajuntament de la Bisbal del Pened\u00e8s.<\/p>\n\n\n\n<hr class=\"wp-block-separator has-alpha-channel-opacity\"\/>\n\n\n\n<p>La Bisbal del Pened\u00e8s acoger\u00e1 el pr\u00f3ximo domingo 3 de mayo, a las 19 h, el Concierto de Primavera incluido dentro de la Temporada Musical 2026. La actuaci\u00f3n tendr\u00e1 lugar en la Iglesia Parroquial de Santa Maria y ofrecer\u00e1 un programa centrado en la m\u00fasica barroca para trompetas y \u00f3rgano.<\/p>\n\n\n\n<p>El recital correr\u00e1 a cargo de Aitana Capseta y Carles Capseta, a las trompetas, y de Andr\u00e9s Moya, al \u00f3rgano. Los tres int\u00e9rpretes presentar\u00e1n un repertorio que pondr\u00e1 en valor la riqueza sonora y la expresividad propia del periodo barroco, con una combinaci\u00f3n instrumental que destaca por su fuerza y equilibrio.<\/p>\n\n\n\n<p>El Concierto de Primavera est\u00e1 organizado por la Associaci\u00f3 de Cors Antistiana con la colaboraci\u00f3n de la Diputaci\u00f3 de Tarragona y el Ajuntament de la Bisbal del Pened\u00e8s.<\/p>\n","protected":false},"excerpt":{"rendered":"<p>La Bisbal del Pened\u00e8s acollir\u00e0 el proper diumenge 3 de maig, a les 19 h, el Concert de Primavera incl\u00f2s dins la Temporada Musical 2026. L\u2019actuaci\u00f3 tindr\u00e0 lloc a l\u2019Esgl\u00e9sia &hellip; <a href=\"https:\/\/bisbalpenedes.com\/web\/2026\/04\/24\/la-bisbal-del-penedes-acollira-un-concert-de-primavera-amb-musica-barroca-per-a-trompetes-i-orgue-el-diumenge-3-de-maig\/\" class=\"more-link\">Read More<\/a><\/p>\n","protected":false},"author":4,"featured_media":37716,"comment_status":"closed","ping_status":"closed","sticky":false,"template":"","format":"standard","meta":[],"categories":[13,20,8],"tags":[7467,7468,3419,459,7469,1112,393,7470,989,1374],"_links":{"self":[{"href":"https:\/\/bisbalpenedes.com\/web\/wp-json\/wp\/v2\/posts\/37712"}],"collection":[{"href":"https:\/\/bisbalpenedes.com\/web\/wp-json\/wp\/v2\/posts"}],"about":[{"href":"https:\/\/bisbalpenedes.com\/web\/wp-json\/wp\/v2\/types\/post"}],"author":[{"embeddable":true,"href":"https:\/\/bisbalpenedes.com\/web\/wp-json\/wp\/v2\/users\/4"}],"replies":[{"embeddable":true,"href":"https:\/\/bisbalpenedes.com\/web\/wp-json\/wp\/v2\/comments?post=37712"}],"version-history":[{"count":2,"href":"https:\/\/bisbalpenedes.com\/web\/wp-json\/wp\/v2\/posts\/37712\/revisions"}],"predecessor-version":[{"id":37715,"href":"https:\/\/bisbalpenedes.com\/web\/wp-json\/wp\/v2\/posts\/37712\/revisions\/37715"}],"wp:featuredmedia":[{"embeddable":true,"href":"https:\/\/bisbalpenedes.com\/web\/wp-json\/wp\/v2\/media\/37716"}],"wp:attachment":[{"href":"https:\/\/bisbalpenedes.com\/web\/wp-json\/wp\/v2\/media?parent=37712"}],"wp:term":[{"taxonomy":"category","embeddable":true,"href":"https:\/\/bisbalpenedes.com\/web\/wp-json\/wp\/v2\/categories?post=37712"},{"taxonomy":"post_tag","embeddable":true,"href":"https:\/\/bisbalpenedes.com\/web\/wp-json\/wp\/v2\/tags?post=37712"}],"curies":[{"name":"wp","href":"https:\/\/api.w.org\/{rel}","templated":true}]}}