{"id":37705,"date":"2026-04-24T14:51:45","date_gmt":"2026-04-24T12:51:45","guid":{"rendered":"https:\/\/bisbalpenedes.com\/web\/?p=37705"},"modified":"2026-04-24T14:54:08","modified_gmt":"2026-04-24T12:54:08","slug":"sestan-finalitzant-els-treballs-dinstallacio-de-larea-demergencia-al-cami-del-gosch","status":"publish","type":"post","link":"https:\/\/bisbalpenedes.com\/web\/2026\/04\/24\/sestan-finalitzant-els-treballs-dinstallacio-de-larea-demergencia-al-cami-del-gosch\/","title":{"rendered":"S\u2019estan finalitzant els treballs d\u2019instal\u00b7laci\u00f3 de l\u2019\u00e0rea d\u2019emerg\u00e8ncia al cam\u00ed del Gosch &#8211; Mentre no finalitzin les obres, s&#8217;han habilitat contenidors provisionals a l\u2019exterior del Punt Verd"},"content":{"rendered":"\n<p>Us informem que l\u2019Ajuntament de la Bisbal del Pened\u00e8s est\u00e0 finalitzant els treballs d\u2019instal\u00b7laci\u00f3 de l\u2019\u00e0rea d\u2019emerg\u00e8ncia al cam\u00ed del Gosch, una actuaci\u00f3 vinculada al servei de recollida de residus.<\/p>\n\n\n\n<p>Mentre no finalitzin les obres, s\u2019han habilitat contenidors provisionals a l\u2019exterior del Punt Verd perqu\u00e8 els ve\u00efns i ve\u00efnes pugueu dipositar les diferents fraccions de residus en cas necessari.<\/p>\n\n\n\n<p>Us demanem la vostra col\u00b7laboraci\u00f3, fent-ne un bon \u00fas, per garantir el bon funcionament del servei.<\/p>\n\n\n\n<hr class=\"wp-block-separator has-alpha-channel-opacity\"\/>\n\n\n\n<p><strong>Se est\u00e1n finalizando los trabajos de instalaci\u00f3n del \u00e1rea de emergencia en el cam\u00ed del Gosch<\/strong><\/p>\n\n\n\n<p>Os informamos de que el Ajuntament de la Bisbal del Pened\u00e8s est\u00e1 finalizando los trabajos de instalaci\u00f3n del \u00e1rea de emergencia en el cam\u00ed del Gosch, una actuaci\u00f3n vinculada al servicio de recogida de residuos.<\/p>\n\n\n\n<p>Mientras no finalicen las obras, se han habilitado contenedores provisionales en el exterior del Punt Verd para que los vecinos pod\u00e1is depositar las diferentes fracciones de residuos en caso necesario.<\/p>\n\n\n\n<p>Os pedimos vuestra colaboraci\u00f3n, haciendo un buen uso, para garantizar el buen funcionamiento del servicio.<\/p>\n\n\n\n<figure class=\"wp-block-image size-large\"><img loading=\"lazy\" width=\"1024\" height=\"768\" src=\"https:\/\/bisbalpenedes.com\/web\/wp-content\/uploads\/2026\/04\/FINALITZACIO\u0301-TREBALLS-AREA-EMERGENCIA-1024x768.jpeg\" alt=\"\" class=\"wp-image-37706\" srcset=\"https:\/\/bisbalpenedes.com\/web\/wp-content\/uploads\/2026\/04\/FINALITZACIO\u0301-TREBALLS-AREA-EMERGENCIA-1024x768.jpeg 1024w, https:\/\/bisbalpenedes.com\/web\/wp-content\/uploads\/2026\/04\/FINALITZACIO\u0301-TREBALLS-AREA-EMERGENCIA-300x225.jpeg 300w, https:\/\/bisbalpenedes.com\/web\/wp-content\/uploads\/2026\/04\/FINALITZACIO\u0301-TREBALLS-AREA-EMERGENCIA-768x576.jpeg 768w, https:\/\/bisbalpenedes.com\/web\/wp-content\/uploads\/2026\/04\/FINALITZACIO\u0301-TREBALLS-AREA-EMERGENCIA-1536x1152.jpeg 1536w, https:\/\/bisbalpenedes.com\/web\/wp-content\/uploads\/2026\/04\/FINALITZACIO\u0301-TREBALLS-AREA-EMERGENCIA-600x450.jpeg 600w, https:\/\/bisbalpenedes.com\/web\/wp-content\/uploads\/2026\/04\/FINALITZACIO\u0301-TREBALLS-AREA-EMERGENCIA.jpeg 1600w\" sizes=\"(max-width: 1024px) 100vw, 1024px\" \/><\/figure>\n","protected":false},"excerpt":{"rendered":"<p>Us informem que l\u2019Ajuntament de la Bisbal del Pened\u00e8s est\u00e0 finalitzant els treballs d\u2019instal\u00b7laci\u00f3 de l\u2019\u00e0rea d\u2019emerg\u00e8ncia al cam\u00ed del Gosch, una actuaci\u00f3 vinculada al servei de recollida de residus. &hellip; <a href=\"https:\/\/bisbalpenedes.com\/web\/2026\/04\/24\/sestan-finalitzant-els-treballs-dinstallacio-de-larea-demergencia-al-cami-del-gosch\/\" class=\"more-link\">Read More<\/a><\/p>\n","protected":false},"author":4,"featured_media":37707,"comment_status":"closed","ping_status":"closed","sticky":false,"template":"","format":"standard","meta":[],"categories":[3215,8],"tags":[7465,629,1479,393,1374,92],"_links":{"self":[{"href":"https:\/\/bisbalpenedes.com\/web\/wp-json\/wp\/v2\/posts\/37705"}],"collection":[{"href":"https:\/\/bisbalpenedes.com\/web\/wp-json\/wp\/v2\/posts"}],"about":[{"href":"https:\/\/bisbalpenedes.com\/web\/wp-json\/wp\/v2\/types\/post"}],"author":[{"embeddable":true,"href":"https:\/\/bisbalpenedes.com\/web\/wp-json\/wp\/v2\/users\/4"}],"replies":[{"embeddable":true,"href":"https:\/\/bisbalpenedes.com\/web\/wp-json\/wp\/v2\/comments?post=37705"}],"version-history":[{"count":3,"href":"https:\/\/bisbalpenedes.com\/web\/wp-json\/wp\/v2\/posts\/37705\/revisions"}],"predecessor-version":[{"id":37710,"href":"https:\/\/bisbalpenedes.com\/web\/wp-json\/wp\/v2\/posts\/37705\/revisions\/37710"}],"wp:featuredmedia":[{"embeddable":true,"href":"https:\/\/bisbalpenedes.com\/web\/wp-json\/wp\/v2\/media\/37707"}],"wp:attachment":[{"href":"https:\/\/bisbalpenedes.com\/web\/wp-json\/wp\/v2\/media?parent=37705"}],"wp:term":[{"taxonomy":"category","embeddable":true,"href":"https:\/\/bisbalpenedes.com\/web\/wp-json\/wp\/v2\/categories?post=37705"},{"taxonomy":"post_tag","embeddable":true,"href":"https:\/\/bisbalpenedes.com\/web\/wp-json\/wp\/v2\/tags?post=37705"}],"curies":[{"name":"wp","href":"https:\/\/api.w.org\/{rel}","templated":true}]}}