{"id":3766,"date":"2017-11-15T21:36:11","date_gmt":"2017-11-15T20:36:11","guid":{"rendered":"http:\/\/bisbalpenedes.com\/web\/?p=3766"},"modified":"2017-11-15T21:43:13","modified_gmt":"2017-11-15T20:43:13","slug":"aquest-divendres-sinaugura-lexposicio-vinyes-i-paisatges-darreu-del-mon-de-mohamed-mohamed-salem","status":"publish","type":"post","link":"https:\/\/bisbalpenedes.com\/web\/2017\/11\/15\/aquest-divendres-sinaugura-lexposicio-vinyes-i-paisatges-darreu-del-mon-de-mohamed-mohamed-salem\/","title":{"rendered":"Aquest divendres s&#8217;inaugura l&#8217;exposici\u00f3 &#8216;Vinyes i paisatges d&#8217;arreu del m\u00f3n&#8217; de Mohamed Mohamed-Salem"},"content":{"rendered":"<p><a href=\"http:\/\/bisbalpenedes.com\/web\/wp-content\/uploads\/2017\/11\/CARTELL_EXPO_fotos_vinya_2017.jpg\"><img loading=\"lazy\" class=\"aligncenter size-medium wp-image-3767\" src=\"http:\/\/bisbalpenedes.com\/web\/wp-content\/uploads\/2017\/11\/CARTELL_EXPO_fotos_vinya_2017-212x300.jpg\" alt=\"CARTELL_EXPO_fotos_vinya_2017\" width=\"212\" height=\"300\" srcset=\"https:\/\/bisbalpenedes.com\/web\/wp-content\/uploads\/2017\/11\/CARTELL_EXPO_fotos_vinya_2017-212x300.jpg 212w, https:\/\/bisbalpenedes.com\/web\/wp-content\/uploads\/2017\/11\/CARTELL_EXPO_fotos_vinya_2017-600x849.jpg 600w, https:\/\/bisbalpenedes.com\/web\/wp-content\/uploads\/2017\/11\/CARTELL_EXPO_fotos_vinya_2017-768x1087.jpg 768w, https:\/\/bisbalpenedes.com\/web\/wp-content\/uploads\/2017\/11\/CARTELL_EXPO_fotos_vinya_2017-724x1024.jpg 724w, https:\/\/bisbalpenedes.com\/web\/wp-content\/uploads\/2017\/11\/CARTELL_EXPO_fotos_vinya_2017.jpg 1000w\" sizes=\"(max-width: 212px) 100vw, 212px\" \/><\/a><\/p>\n<p>Aquest divendres a les 19h el CMC inaugura l\u2019exposici\u00f3 \u201cVinyes i paisatges d\u2019arreu del m\u00f3n\u201d, una mostra de pintures sobre la vinya de l\u2019entorn del Baix Pened\u00e8s i imatges de diferents indrets el m\u00f3n. La mostra marida els colors de la natura, com ara els marrons i els verds, amb diversos materials, textures i objectes, com poden ser fulles de cep, taps d\u2019ampolla de vi o copes. La mostra romandr\u00e0 oberta fins al 23 de novembre.<\/p>\n<p>L\u2019autor de les pintures \u00e9s Mohamed Mohamed-Salem, un jove sahrau\u00ed procedent dels Campaments de Refugiats de Tinduf (Alg\u00e8ria) que va comen\u00e7ar a dibuixar i pintar amb 15 anys. El primer treball art\u00edstic que va crear el Mohamed, el va fer dins d\u2019una haima als campaments de refugiats i, all\u00e0, va ser on se\u2019n va adonar que li agradava la pintura i l\u2019escultura. M\u00e9s endavant va rebre classes per part d\u2019un familiar que tenia coneixements de dibuix i, posteriorment, quan va instal\u00b7lar-se a Catalunya amb una fam\u00edlia d\u2019acollida, va rebre el suport necessari per seguir pintant i dibuixant i seguir rebent classes de pintura i dibuix a Lloren\u00e7 del Pened\u00e8s, El Vendrell i Vilafranca del Pened\u00e8s.<\/p>\n","protected":false},"excerpt":{"rendered":"<p>Aquest divendres a les 19h el CMC inaugura l\u2019exposici\u00f3 \u201cVinyes i paisatges d\u2019arreu del m\u00f3n\u201d, una mostra de pintures sobre la vinya de l\u2019entorn del Baix Pened\u00e8s i imatges de &hellip; <a href=\"https:\/\/bisbalpenedes.com\/web\/2017\/11\/15\/aquest-divendres-sinaugura-lexposicio-vinyes-i-paisatges-darreu-del-mon-de-mohamed-mohamed-salem\/\" class=\"more-link\">Read More<\/a><\/p>\n","protected":false},"author":4,"featured_media":3768,"comment_status":"closed","ping_status":"closed","sticky":false,"template":"","format":"standard","meta":[],"categories":[13],"tags":[924,226,918,86,925,921,922,923,919,206,916,917,920,926],"_links":{"self":[{"href":"https:\/\/bisbalpenedes.com\/web\/wp-json\/wp\/v2\/posts\/3766"}],"collection":[{"href":"https:\/\/bisbalpenedes.com\/web\/wp-json\/wp\/v2\/posts"}],"about":[{"href":"https:\/\/bisbalpenedes.com\/web\/wp-json\/wp\/v2\/types\/post"}],"author":[{"embeddable":true,"href":"https:\/\/bisbalpenedes.com\/web\/wp-json\/wp\/v2\/users\/4"}],"replies":[{"embeddable":true,"href":"https:\/\/bisbalpenedes.com\/web\/wp-json\/wp\/v2\/comments?post=3766"}],"version-history":[{"count":2,"href":"https:\/\/bisbalpenedes.com\/web\/wp-json\/wp\/v2\/posts\/3766\/revisions"}],"predecessor-version":[{"id":3770,"href":"https:\/\/bisbalpenedes.com\/web\/wp-json\/wp\/v2\/posts\/3766\/revisions\/3770"}],"wp:featuredmedia":[{"embeddable":true,"href":"https:\/\/bisbalpenedes.com\/web\/wp-json\/wp\/v2\/media\/3768"}],"wp:attachment":[{"href":"https:\/\/bisbalpenedes.com\/web\/wp-json\/wp\/v2\/media?parent=3766"}],"wp:term":[{"taxonomy":"category","embeddable":true,"href":"https:\/\/bisbalpenedes.com\/web\/wp-json\/wp\/v2\/categories?post=3766"},{"taxonomy":"post_tag","embeddable":true,"href":"https:\/\/bisbalpenedes.com\/web\/wp-json\/wp\/v2\/tags?post=3766"}],"curies":[{"name":"wp","href":"https:\/\/api.w.org\/{rel}","templated":true}]}}