{"id":37624,"date":"2026-04-09T09:17:13","date_gmt":"2026-04-09T07:17:13","guid":{"rendered":"https:\/\/bisbalpenedes.com\/web\/?p=37624"},"modified":"2026-04-09T09:17:13","modified_gmt":"2026-04-09T07:17:13","slug":"sha-obert-una-convocatoria-per-constituir-una-borsa-de-treball-de-tecnics-ques-dadministracio-general","status":"publish","type":"post","link":"https:\/\/bisbalpenedes.com\/web\/2026\/04\/09\/sha-obert-una-convocatoria-per-constituir-una-borsa-de-treball-de-tecnics-ques-dadministracio-general\/","title":{"rendered":"<strong>S\u2019ha obert una convocat\u00f2ria per constituir una borsa de treball de t\u00e8cnics\/ques d\u2019Administraci\u00f3 General<\/strong>"},"content":{"rendered":"\n<p>L\u2019Ajuntament de la Bisbal del Pened\u00e8s ha obert la convocat\u00f2ria per a la constituci\u00f3 d\u2019una borsa de treball de t\u00e8cnics\/ques d\u2019Administraci\u00f3 General (subgrup A1), amb l\u2019objectiu de cobrir futures necessitats temporals del servei.<\/p>\n\n\n\n<p>El termini de presentaci\u00f3 de sol\u00b7licituds estar\u00e0 obert fins al 30 d\u2019abril de 2026. Les persones interessades hauran de presentar la inst\u00e0ncia segons el model normalitzat, adjuntant la documentaci\u00f3 requerida d\u2019acord amb les bases reguladores.<\/p>\n\n\n\n<p>El lloc de treball correspon al subgrup A1 i inclou funcions de car\u00e0cter t\u00e8cnic superior, com l\u2019elaboraci\u00f3 d\u2019informes jur\u00eddics, la redacci\u00f3 d\u2019ordenances i reglaments municipals, la tramitaci\u00f3 d\u2019expedients administratius, subvencions i contractaci\u00f3, aix\u00ed com el suport als diferents serveis municipals.<\/p>\n\n\n\n<p>El sistema de selecci\u00f3 ser\u00e0 mitjan\u00e7ant concurs oposici\u00f3, que inclour\u00e0 proves de coneixements te\u00f2rics i pr\u00e0ctics, aix\u00ed com la valoraci\u00f3 de m\u00e8rits i, si escau, una entrevista curricular.<\/p>\n\n\n\n<p>Les sol\u00b7licituds es podran presentar per via electr\u00f2nica, presencialment a l\u2019Ajuntament o a trav\u00e9s dels canals previstos per la normativa vigent. Per a qualsevol aclariment o consulta, es pot contactar amb el servei de Recursos Humans a trav\u00e9s del correu electr\u00f2nic <a href=\"mailto:recursoshumans@bisbalpenedes.com\">recursoshumans@bisbalpenedes.com<\/a>.<\/p>\n\n\n\n<p>M\u00e9s informaci\u00f3 a: <a href=\"https:\/\/bisbalpenedes.com\/web\/portfolio\/recursos-humans\/\">https:\/\/bisbalpenedes.com\/web\/portfolio\/recursos-humans\/<\/a><\/p>\n\n\n\n<hr class=\"wp-block-separator has-alpha-channel-opacity\"\/>\n\n\n\n<h3><strong>Se ha abierto una convocatoria para constituir una bolsa de trabajo de t\u00e9cnicos\/as de Administraci\u00f3n General<\/strong><\/h3>\n\n\n\n<p>El Ajuntament de la Bisbal del Pened\u00e8s ha abierto la convocatoria para la constituci\u00f3n de una bolsa de trabajo de t\u00e9cnicos\/as de Administraci\u00f3n General (subgrupo A1), con el objetivo de cubrir futuras necesidades temporales del servicio<\/p>\n\n\n\n<p>El plazo de presentaci\u00f3n de solicitudes estar\u00e1 abierto hasta el 30 de abril de 2026. Las personas interesadas deber\u00e1n presentar la instancia seg\u00fan el modelo normalizado, adjuntando la documentaci\u00f3n requerida de acuerdo con las bases reguladoras.<\/p>\n\n\n\n<p>El puesto de trabajo corresponde al subgrupo A1 e incluye funciones de car\u00e1cter t\u00e9cnico superior, como la elaboraci\u00f3n de informes jur\u00eddicos, la redacci\u00f3n de ordenanzas y reglamentos municipales, la tramitaci\u00f3n de expedientes administrativos, subvenciones y contrataci\u00f3n, as\u00ed como el apoyo a los diferentes servicios municipales.<\/p>\n\n\n\n<p>El sistema de selecci\u00f3n ser\u00e1 mediante concurso oposici\u00f3n, que incluir\u00e1 pruebas de conocimientos te\u00f3ricos y pr\u00e1cticos, as\u00ed como la valoraci\u00f3n de m\u00e9ritos y, en su caso, una entrevista curricular.<\/p>\n\n\n\n<p>Las solicitudes se podr\u00e1n presentar por v\u00eda electr\u00f3nica, presencialmente en el Ajuntament de la Bisbal del Pened\u00e8s o a trav\u00e9s de los canales previstos por la normativa vigente. Para cualquier aclaraci\u00f3n o consulta, pod\u00e9is contactar con el servicio de Recursos Humanos a trav\u00e9s del correo electr\u00f3nico <a href=\"mailto:recursoshumans@bisbalpenedes.com\">recursoshumans@bisbalpenedes.com<\/a>.<\/p>\n\n\n\n<p>M\u00e1s informaci\u00f3n en: <a href=\"https:\/\/bisbalpenedes.com\/web\/portfolio\/recursos-humans\/\">https:\/\/bisbalpenedes.com\/web\/portfolio\/recursos-humans\/<\/a><\/p>\n","protected":false},"excerpt":{"rendered":"<p>L\u2019Ajuntament de la Bisbal del Pened\u00e8s ha obert la convocat\u00f2ria per a la constituci\u00f3 d\u2019una borsa de treball de t\u00e8cnics\/ques d\u2019Administraci\u00f3 General (subgrup A1), amb l\u2019objectiu de cobrir futures necessitats &hellip; <a href=\"https:\/\/bisbalpenedes.com\/web\/2026\/04\/09\/sha-obert-una-convocatoria-per-constituir-una-borsa-de-treball-de-tecnics-ques-dadministracio-general\/\" class=\"more-link\">Read More<\/a><\/p>\n","protected":false},"author":4,"featured_media":37625,"comment_status":"closed","ping_status":"closed","sticky":false,"template":"","format":"standard","meta":[],"categories":[2402,8,7445],"tags":[4367,459,2456,393,1139,1374,7446],"_links":{"self":[{"href":"https:\/\/bisbalpenedes.com\/web\/wp-json\/wp\/v2\/posts\/37624"}],"collection":[{"href":"https:\/\/bisbalpenedes.com\/web\/wp-json\/wp\/v2\/posts"}],"about":[{"href":"https:\/\/bisbalpenedes.com\/web\/wp-json\/wp\/v2\/types\/post"}],"author":[{"embeddable":true,"href":"https:\/\/bisbalpenedes.com\/web\/wp-json\/wp\/v2\/users\/4"}],"replies":[{"embeddable":true,"href":"https:\/\/bisbalpenedes.com\/web\/wp-json\/wp\/v2\/comments?post=37624"}],"version-history":[{"count":1,"href":"https:\/\/bisbalpenedes.com\/web\/wp-json\/wp\/v2\/posts\/37624\/revisions"}],"predecessor-version":[{"id":37626,"href":"https:\/\/bisbalpenedes.com\/web\/wp-json\/wp\/v2\/posts\/37624\/revisions\/37626"}],"wp:featuredmedia":[{"embeddable":true,"href":"https:\/\/bisbalpenedes.com\/web\/wp-json\/wp\/v2\/media\/37625"}],"wp:attachment":[{"href":"https:\/\/bisbalpenedes.com\/web\/wp-json\/wp\/v2\/media?parent=37624"}],"wp:term":[{"taxonomy":"category","embeddable":true,"href":"https:\/\/bisbalpenedes.com\/web\/wp-json\/wp\/v2\/categories?post=37624"},{"taxonomy":"post_tag","embeddable":true,"href":"https:\/\/bisbalpenedes.com\/web\/wp-json\/wp\/v2\/tags?post=37624"}],"curies":[{"name":"wp","href":"https:\/\/api.w.org\/{rel}","templated":true}]}}