{"id":37606,"date":"2026-04-07T17:38:34","date_gmt":"2026-04-07T15:38:34","guid":{"rendered":"https:\/\/bisbalpenedes.com\/web\/?p=37606"},"modified":"2026-04-07T17:38:35","modified_gmt":"2026-04-07T15:38:35","slug":"saprova-una-subvencio-de-16-620-e-per-a-lescola-ull-de-vent-per-al-curs-2025-2026","status":"publish","type":"post","link":"https:\/\/bisbalpenedes.com\/web\/2026\/04\/07\/saprova-una-subvencio-de-16-620-e-per-a-lescola-ull-de-vent-per-al-curs-2025-2026\/","title":{"rendered":"<strong>S\u2019aprova una subvenci\u00f3 de 16.620 \u20ac per a l\u2019escola Ull de Vent per al curs 2025\/2026<\/strong>"},"content":{"rendered":"\n<p>El passat 25 de mar\u00e7 es va aprovar la subvenci\u00f3 corresponent al curs escolar 2025\/2026 per a l&#8217;escola Ull de Vent, per un import de 16.620\u20ac, destinada a material escolar i equipament inform\u00e0tic, amb l&#8217;objectiu de refor\u00e7ar els recursos educatius i garantir la igualtat de l&#8217;alumnat.<\/p>\n\n\n\n<p>Aquesta aportaci\u00f3 t\u00e9 com a objectiu contribuir al bon funcionament del centre educatiu i garantir la igualtat d\u2019oportunitats de tot l\u2019alumnat en l\u2019\u00e0mbit educatiu.<\/p>\n\n\n\n<p>A m\u00e9s d\u2019aquesta subvenci\u00f3, actualment l\u2019Ajuntament de la Bisbal del Pened\u00e8s assumeix diverses despeses vinculades al funcionament de l\u2019escola, entre les quals hi ha:<\/p>\n\n\n\n<ul><li>Dues fotocopiadores, una per a cada edifici<\/li><li>El subministrament de paper per a tot el curs escolar<\/li><li>El personal de consergeria<\/li><li>El personal de neteja del centre<\/li><li>El subministrament de gasoil per a la calefacci\u00f3<\/li><\/ul>\n\n\n\n<p>D\u2019altra banda, el passat mes de febrer es va aprovar una subvenci\u00f3 de 8.239,62 \u20ac destinada al projecte Evaludens, una iniciativa centrada en la lectura i la narraci\u00f3 en veu alta.<\/p>\n\n\n\n<hr class=\"wp-block-separator has-alpha-channel-opacity\"\/>\n\n\n\n<h3><strong>Se aprueba una subvenci\u00f3n de 16.620 \u20ac para la escuela Ull de Vent para el curso 2025\/2026<\/strong><\/h3>\n\n\n\n<p>El pasado 25 de marzo se aprob\u00f3 la subvenci\u00f3n correspondiente al curso escolar 2025\/2026 para la escuela Ull de Vent, por un importe de 16.620 \u20ac, destinada a material escolar y equipamiento inform\u00e1tico, con el objetivo de reforzar los recursos educativos y garantizar la igualdad del alumnado.<\/p>\n\n\n\n<p>Esta aportaci\u00f3n tiene como objetivo contribuir al buen funcionamiento del centro educativo y garantizar la igualdad de oportunidades de todo el alumnado en el \u00e1mbito educativo.<\/p>\n\n\n\n<p>Adem\u00e1s de esta subvenci\u00f3n, actualmente el Ajuntament de la Bisbal del Pened\u00e8s asume diversos gastos vinculados al funcionamiento de la escuela, entre los que se encuentran:<\/p>\n\n\n\n<p><br>\u2022 Dos fotocopiadoras, una para cada edificio<br>\u2022 El suministro de papel para todo el curso escolar<br>\u2022 El personal de conserjer\u00eda<br>\u2022 El personal de limpieza del centro<br>\u2022 El suministro de gasoil para la calefacci\u00f3n<\/p>\n\n\n\n<p>Por otro lado, el pasado mes de febrero se aprob\u00f3 una subvenci\u00f3n de 8.239,62 \u20ac destinada al proyecto Evaludens, una iniciativa centrada en la lectura y la narraci\u00f3n en voz alta.<\/p>\n","protected":false},"excerpt":{"rendered":"<p>El passat 25 de mar\u00e7 es va aprovar la subvenci\u00f3 corresponent al curs escolar 2025\/2026 per a l&#8217;escola Ull de Vent, per un import de 16.620\u20ac, destinada a material escolar &hellip; <a href=\"https:\/\/bisbalpenedes.com\/web\/2026\/04\/07\/saprova-una-subvencio-de-16-620-e-per-a-lescola-ull-de-vent-per-al-curs-2025-2026\/\" class=\"more-link\">Read More<\/a><\/p>\n","protected":false},"author":4,"featured_media":37607,"comment_status":"closed","ping_status":"closed","sticky":false,"template":"","format":"standard","meta":[],"categories":[3456,8],"tags":[459,7441,337,393,99],"_links":{"self":[{"href":"https:\/\/bisbalpenedes.com\/web\/wp-json\/wp\/v2\/posts\/37606"}],"collection":[{"href":"https:\/\/bisbalpenedes.com\/web\/wp-json\/wp\/v2\/posts"}],"about":[{"href":"https:\/\/bisbalpenedes.com\/web\/wp-json\/wp\/v2\/types\/post"}],"author":[{"embeddable":true,"href":"https:\/\/bisbalpenedes.com\/web\/wp-json\/wp\/v2\/users\/4"}],"replies":[{"embeddable":true,"href":"https:\/\/bisbalpenedes.com\/web\/wp-json\/wp\/v2\/comments?post=37606"}],"version-history":[{"count":1,"href":"https:\/\/bisbalpenedes.com\/web\/wp-json\/wp\/v2\/posts\/37606\/revisions"}],"predecessor-version":[{"id":37608,"href":"https:\/\/bisbalpenedes.com\/web\/wp-json\/wp\/v2\/posts\/37606\/revisions\/37608"}],"wp:featuredmedia":[{"embeddable":true,"href":"https:\/\/bisbalpenedes.com\/web\/wp-json\/wp\/v2\/media\/37607"}],"wp:attachment":[{"href":"https:\/\/bisbalpenedes.com\/web\/wp-json\/wp\/v2\/media?parent=37606"}],"wp:term":[{"taxonomy":"category","embeddable":true,"href":"https:\/\/bisbalpenedes.com\/web\/wp-json\/wp\/v2\/categories?post=37606"},{"taxonomy":"post_tag","embeddable":true,"href":"https:\/\/bisbalpenedes.com\/web\/wp-json\/wp\/v2\/tags?post=37606"}],"curies":[{"name":"wp","href":"https:\/\/api.w.org\/{rel}","templated":true}]}}