{"id":37602,"date":"2026-04-02T20:34:36","date_gmt":"2026-04-02T18:34:36","guid":{"rendered":"https:\/\/bisbalpenedes.com\/web\/?p=37602"},"modified":"2026-04-02T20:34:36","modified_gmt":"2026-04-02T18:34:36","slug":"el-diumenge-26-dabril-podreu-veure-la-pellicula-mi-amiga-eva-a-la-bisbal-en-el-marc-del-cicle-gaudi","status":"publish","type":"post","link":"https:\/\/bisbalpenedes.com\/web\/2026\/04\/02\/el-diumenge-26-dabril-podreu-veure-la-pellicula-mi-amiga-eva-a-la-bisbal-en-el-marc-del-cicle-gaudi\/","title":{"rendered":"El diumenge 26 d\u2019abril podreu veure la pel\u00b7l\u00edcula \u2018Mi amiga Eva\u2019 a la Bisbal en el marc del Cicle Gaud\u00ed"},"content":{"rendered":"\n<p>El diumenge 26 d\u2019abril, a les 18h, podreu veure la pel\u00b7l\u00edcula \u201cMi amiga Eva\u201d a l\u2019auditori del CMC, en el marc del Cicle Gaud\u00ed de cinema catal\u00e0. La taquilla ser\u00e0 gestionada per Senderistes Bisbalencs.<\/p>\n\n\n\n<p><strong>FITXA T\u00c8CNICA<\/strong><\/p>\n\n\n\n<ul><li>Direcci\u00f3: Cesc Gay<\/li><li>Productora: Imposible Films, Alexfilm<\/li><li>Estrena: 19 de setembre de 2025<\/li><li>Durada: 100 min.<\/li><li>Gui\u00f3: Cesc Gay i Eduard Sola<\/li><li>G\u00e8nere: Com\u00e8dia<\/li><li>Qualificaci\u00f3: No recomanada per a menors de 7 anys<\/li><li>Versi\u00f3: Original en castell\u00e0, catal\u00e0, itali\u00e0<\/li><li>Int\u00e8rprets: \u00c0gata Roca, Fernanda Orazi, Francesco Carril, Juan Diego Botto, Mari\u00e1n \u00c1lvarez, Miki Esparb\u00e9, Nora Navas, Rodrigo De La Serna<\/li><\/ul>\n\n\n\n<p><strong>SINOPSI<\/strong><\/p>\n\n\n\n<p>Nora Navas, Juan Diego Botto i Rodrigo de la Serna protagonitzen la nova com\u00e8dia de Cesc Gay, Mi amiga Eva, una hist\u00f2ria coral amb el seu segell distintiu: les perip\u00e8cies d\u2019uns personatges terrenals i propers i uns di\u00e0legs imaginatius i eloq\u00fcents.<\/p>\n\n\n\n<p>L\u2019Eva \u00e9s una dona de 50 anys, casada des de fa m\u00e9s de vint anys amb dos fills adolescents, i una treballadora exemplar i d\u2019all\u00f2 m\u00e9s normal. Un dia, despr\u00e9s d\u2019un viatge per feina a Roma, s\u2019adona que vol tornar a enamorar-se abans que sigui massa tard. De tornada a Barcelona, decideix divorciar-se i canviar el rumb de la seva vida per complet. L\u2019Eva comen\u00e7ar\u00e0 aix\u00ed una nova vida de soltera i oberta al joc de la seducci\u00f3 i l\u2019amor, per\u00f2 aviat s\u2019adonar\u00e0 que tra\u00e7ar un nou cam\u00ed a la cerca d\u2019un sentiment \u00e9s m\u00e9s complicat del que es pensava.<\/p>\n\n\n\n<p>Amb un gui\u00f3 ple de sorpreses al m\u00e9s pur estil Cesc Gay i una Nora Navas radiant, Mi amiga Eva \u00e9s un cant a la llibertat i a la joia de viure a qualsevol edat, on les inseguretats, els errors i les incerteses s\u00f3n benvingudes. Una com\u00e8dia imprescindible que ha reunit a m\u00e9s de 145.000 espectadors a les sales, sent un dels fen\u00f2mens del boca-orella de la temporada passada.<\/p>\n\n\n\n<p>Com \u00e9s habitual, el preu de l\u2019entrada ser\u00e0 de 4,5\u20ac (general) i 3\u20ac per als espectadors que presentin el carnet de la Biblioteca p\u00fablica de la Bisbal del Pened\u00e8s. Els beneficis es destinaran a l\u2019entitat que gestioni la taquilla abans de la projecci\u00f3.<\/p>\n\n\n\n<figure class=\"wp-block-embed is-type-video is-provider-youtube wp-block-embed-youtube wp-embed-aspect-16-9 wp-has-aspect-ratio\"><div class=\"wp-block-embed__wrapper\">\n<iframe loading=\"lazy\" title=\"Cicle Gaud\u00ed: &quot;MI amiga Eva&quot;\" width=\"1170\" height=\"658\" src=\"https:\/\/www.youtube.com\/embed\/dZLBlDFS-sw?feature=oembed\" frameborder=\"0\" allow=\"accelerometer; autoplay; clipboard-write; encrypted-media; gyroscope; picture-in-picture; web-share\" referrerpolicy=\"strict-origin-when-cross-origin\" allowfullscreen><\/iframe>\n<\/div><\/figure>\n\n\n\n<hr class=\"wp-block-separator has-alpha-channel-opacity\"\/>\n\n\n\n<h3>El domingo 26 de abril podr\u00e9is ver la pel\u00edcula \u2018Mi amiga Eva\u2019 en la Bisbal en el marco del Cicle Gaud\u00ed<\/h3>\n\n\n\n<p>El domingo 26 de abril, a las 18h, podr\u00e9is ver la pel\u00edcula \u201cMi amiga Eva\u201d en el auditorio del CMC, en el marco del Cicle Gaud\u00ed de cine catal\u00e1n. La taquilla ser\u00e1 gestionada por Senderistes Bisbalencs.<\/p>\n\n\n\n<p><strong>FICHA T\u00c9CNICA<\/strong><\/p>\n\n\n\n<ul><li>Direcci\u00f3n: Cesc Gay<\/li><li>Productora: Imposible Films, Alexfilm<\/li><li>Estreno: 19 de septiembre de 2025<\/li><li>Duraci\u00f3n: 100 min.<\/li><li>Guion: Cesc Gay y Eduard Sola<\/li><li>G\u00e9nero: Comedia<\/li><li>Calificaci\u00f3n: No recomendada para menores de 7 a\u00f1os<\/li><li>Versi\u00f3n: Original en castellano, catal\u00e1n, italiano<\/li><li>Int\u00e9rpretes: \u00c0gata Roca, Fernanda Orazi, Francesco Carril, Juan Diego Botto, Mari\u00e1n \u00c1lvarez, Miki Esparb\u00e9, Nora Navas, Rodrigo De La Serna<\/li><\/ul>\n\n\n\n<p><strong>SINOPSIS<\/strong><\/p>\n\n\n\n<p>Nora Navas, Juan Diego Botto y Rodrigo de la Serna protagonizan la nueva comedia de Cesc Gay, Mi amiga Eva, una historia coral con su sello distintivo: las peripecias de unos personajes terrenales y cercanos y unos di\u00e1logos imaginativos y elocuentes.<\/p>\n\n\n\n<p>Eva es una mujer de 50 a\u00f1os, casada desde hace m\u00e1s de veinte a\u00f1os, con dos hijos adolescentes, y una trabajadora ejemplar y de lo m\u00e1s normal. Un d\u00eda, tras un viaje de trabajo a Roma, se da cuenta de que quiere volver a enamorarse antes de que sea demasiado tarde. De regreso a Barcelona, decide divorciarse y cambiar el rumbo de su vida por completo. Eva comenzar\u00e1 as\u00ed una nueva vida de soltera y abierta al juego de la seducci\u00f3n y el amor, pero pronto se dar\u00e1 cuenta de que trazar un nuevo camino en busca de un sentimiento es m\u00e1s complicado de lo que pensaba.<\/p>\n\n\n\n<p>Con un guion lleno de sorpresas al m\u00e1s puro estilo Cesc Gay y una Nora Navas radiante, Mi amiga Eva es un canto a la libertad y a la alegr\u00eda de vivir a cualquier edad, donde las inseguridades, los errores y las incertidumbres son bienvenidas. Una comedia imprescindible que ha reunido a m\u00e1s de 145.000 espectadores en las salas, siendo uno de los fen\u00f3menos del boca a boca de la pasada temporada.<\/p>\n\n\n\n<p>Como es habitual, el precio de la entrada ser\u00e1 de 4,5\u20ac (general) y 3\u20ac para los espectadores que presenten el carn\u00e9 de la Biblioteca p\u00fablica de la Bisbal del Pened\u00e8s. Los beneficios se destinar\u00e1n a la entidad que gestione la taquilla antes de la proyecci\u00f3n.<\/p>\n","protected":false},"excerpt":{"rendered":"<p>El diumenge 26 d\u2019abril, a les 18h, podreu veure la pel\u00b7l\u00edcula \u201cMi amiga Eva\u201d a l\u2019auditori del CMC, en el marc del Cicle Gaud\u00ed de cinema catal\u00e0. La taquilla ser\u00e0 &hellip; <a href=\"https:\/\/bisbalpenedes.com\/web\/2026\/04\/02\/el-diumenge-26-dabril-podreu-veure-la-pellicula-mi-amiga-eva-a-la-bisbal-en-el-marc-del-cicle-gaudi\/\" class=\"more-link\">Read More<\/a><\/p>\n","protected":false},"author":4,"featured_media":37581,"comment_status":"closed","ping_status":"closed","sticky":false,"template":"","format":"standard","meta":[],"categories":[13,8],"tags":[459,308,307,225,393,7440,1374],"_links":{"self":[{"href":"https:\/\/bisbalpenedes.com\/web\/wp-json\/wp\/v2\/posts\/37602"}],"collection":[{"href":"https:\/\/bisbalpenedes.com\/web\/wp-json\/wp\/v2\/posts"}],"about":[{"href":"https:\/\/bisbalpenedes.com\/web\/wp-json\/wp\/v2\/types\/post"}],"author":[{"embeddable":true,"href":"https:\/\/bisbalpenedes.com\/web\/wp-json\/wp\/v2\/users\/4"}],"replies":[{"embeddable":true,"href":"https:\/\/bisbalpenedes.com\/web\/wp-json\/wp\/v2\/comments?post=37602"}],"version-history":[{"count":1,"href":"https:\/\/bisbalpenedes.com\/web\/wp-json\/wp\/v2\/posts\/37602\/revisions"}],"predecessor-version":[{"id":37603,"href":"https:\/\/bisbalpenedes.com\/web\/wp-json\/wp\/v2\/posts\/37602\/revisions\/37603"}],"wp:featuredmedia":[{"embeddable":true,"href":"https:\/\/bisbalpenedes.com\/web\/wp-json\/wp\/v2\/media\/37581"}],"wp:attachment":[{"href":"https:\/\/bisbalpenedes.com\/web\/wp-json\/wp\/v2\/media?parent=37602"}],"wp:term":[{"taxonomy":"category","embeddable":true,"href":"https:\/\/bisbalpenedes.com\/web\/wp-json\/wp\/v2\/categories?post=37602"},{"taxonomy":"post_tag","embeddable":true,"href":"https:\/\/bisbalpenedes.com\/web\/wp-json\/wp\/v2\/tags?post=37602"}],"curies":[{"name":"wp","href":"https:\/\/api.w.org\/{rel}","templated":true}]}}